{"id":1151,"date":"2021-09-23T12:56:00","date_gmt":"2021-09-23T10:56:00","guid":{"rendered":"https:\/\/groupedeja.com\/?p=1151"},"modified":"2022-03-16T12:58:49","modified_gmt":"2022-03-16T11:58:49","slug":"creation-sur-mesure-a-loree-du-bois","status":"publish","type":"post","link":"https:\/\/groupedeja.com\/index.php\/2021\/09\/23\/creation-sur-mesure-a-loree-du-bois\/","title":{"rendered":"Cr\u00e9ation sur mesure \u00e0 l&rsquo;Or\u00e9e du Bois"},"content":{"rendered":"\n<p>Samedi 25 septembre,&nbsp;Groupe D\u00e9j\u00e0&nbsp;jouera une cr\u00e9ation sur mesure pour l&rsquo;inauguration de L&rsquo;Espace Culturel L&rsquo;Or\u00e9e du Bois (nouveau nom de la salle de spectacle de la&nbsp;Mairie de la Chapelle Saint Aubin&nbsp;(72))<\/p>\n\n\n\n<p>Visit\u00e9 guid\u00e9e d\u00e9cal\u00e9e des lieux \u00e0 18h00, 18h20, 18h40 et 19h00 &#8211;&nbsp;<img loading=\"lazy\" decoding=\"async\" height=\"16\" width=\"16\" alt=\"\u2757\ufe0f\" src=\"https:\/\/static.xx.fbcdn.net\/images\/emoji.php\/v9\/td1\/2\/16\/2757.png\">R\u00e9servation obligatoire ! culture@lachapellesaintaubin.fr ou 06 77 35 43 33 &#8211; (Jauge de 50 personnes par visite).<\/p>\n\n\n\n<p>Une cr\u00e9ation de et avec&nbsp;Antoine Meunier et&nbsp;S\u00e9bastian Lazennec.<br>Avec&nbsp;Simon Carbonnel, H\u00e9l\u00e8ne Leveau et 40 figurant.e.s<br>Logistique&nbsp;Emilie M\u00e9tris&nbsp;et&nbsp;Jerome Guilmin.<\/p>\n","protected":false},"excerpt":{"rendered":"<p>Samedi 25 septembre,&nbsp;Groupe D\u00e9j\u00e0&nbsp;jouera une cr\u00e9ation sur mesure pour l&rsquo;inauguration de L&rsquo;Espace Culturel L&rsquo;Or\u00e9e du Bois (nouveau nom de la salle de spectacle de la&nbsp;Mairie de la Chapelle Saint Aubin&nbsp;(72)) Visit\u00e9 guid\u00e9e d\u00e9cal\u00e9e des lieux \u00e0 18h00, 18h20, 18h40 et 19h00 &#8211;&nbsp;R\u00e9servation obligatoire ! culture@lachapellesaintaubin.fr ou 06 77 35 43 33 &#8211; (Jauge de 50&hellip;<\/p>\n","protected":false},"author":2,"featured_media":1152,"comment_status":"closed","ping_status":"","sticky":false,"template":"","format":"standard","meta":{"footnotes":""},"categories":[9,10,16,17],"tags":[],"class_list":["post-1151","post","type-post","status-publish","format-standard","has-post-thumbnail","hentry","category-actualite","category-groupedeja","category-sebastian-lazennec","category-sur-mesure"],"_links":{"self":[{"href":"https:\/\/groupedeja.com\/index.php\/wp-json\/wp\/v2\/posts\/1151","targetHints":{"allow":["GET"]}}],"collection":[{"href":"https:\/\/groupedeja.com\/index.php\/wp-json\/wp\/v2\/posts"}],"about":[{"href":"https:\/\/groupedeja.com\/index.php\/wp-json\/wp\/v2\/types\/post"}],"author":[{"embeddable":true,"href":"https:\/\/groupedeja.com\/index.php\/wp-json\/wp\/v2\/users\/2"}],"replies":[{"embeddable":true,"href":"https:\/\/groupedeja.com\/index.php\/wp-json\/wp\/v2\/comments?post=1151"}],"version-history":[{"count":4,"href":"https:\/\/groupedeja.com\/index.php\/wp-json\/wp\/v2\/posts\/1151\/revisions"}],"predecessor-version":[{"id":1156,"href":"https:\/\/groupedeja.com\/index.php\/wp-json\/wp\/v2\/posts\/1151\/revisions\/1156"}],"wp:featuredmedia":[{"embeddable":true,"href":"https:\/\/groupedeja.com\/index.php\/wp-json\/wp\/v2\/media\/1152"}],"wp:attachment":[{"href":"https:\/\/groupedeja.com\/index.php\/wp-json\/wp\/v2\/media?parent=1151"}],"wp:term":[{"taxonomy":"category","embeddable":true,"href":"https:\/\/groupedeja.com\/index.php\/wp-json\/wp\/v2\/categories?post=1151"},{"taxonomy":"post_tag","embeddable":true,"href":"https:\/\/groupedeja.com\/index.php\/wp-json\/wp\/v2\/tags?post=1151"}],"curies":[{"name":"wp","href":"https:\/\/api.w.org\/{rel}","templated":true}]}}