{"id":1165,"date":"2021-09-29T15:53:22","date_gmt":"2021-09-29T13:53:22","guid":{"rendered":"https:\/\/groupedeja.com\/?p=1165"},"modified":"2022-03-16T16:12:19","modified_gmt":"2022-03-16T15:12:19","slug":"amis-a-lalambik-mjc-ronceray-72","status":"publish","type":"post","link":"https:\/\/groupedeja.com\/index.php\/2021\/09\/29\/amis-a-lalambik-mjc-ronceray-72\/","title":{"rendered":"AMI(S) \u00e0 L&rsquo;Alambik Mjc Ronceray (72)"},"content":{"rendered":"\n<p>\u00ab\u00a0AMI(S)\u00a0\u00bb \/ Groupe D\u00e9j\u00e0 \/ Le Mans (72) \/ L&rsquo;Alambik Mjc Ronceray \/ SAMEDI 2 OCTOBRE \/ 18h30 \/ Ouverture de saison \/ A partir de 10 ans<\/p>\n\n\n\n<p><strong>Th\u00e9\u00e2tre &#8211; Interrogation canine et manipulation d\u2019objets<\/strong><\/p>\n\n\n\n<p>Il parait que le temps qui passe, nos obligations, nos \u00e9crans et nos sachets de soupe individuels interf\u00e8rent sur l&rsquo;amiti\u00e9 !<\/p>\n\n\n\n<p>Il parait que le chien reste le meilleur ami de l&rsquo;homme ! Pour parler d&rsquo;amiti\u00e9, donnons-lui la parole !<\/p>\n\n\n\n<p>Un solo de th\u00e9\u00e2tre et de manipulation d\u2019objets qui met en sc\u00e8ne nos amiti\u00e9s&#8230; avec humour, cynisme et tendresse. Nos comportements sociaux vus \u00e0 travers le regard du \u201cmeilleur ami de l\u2019homme\u201d\u2026<\/p>\n\n\n\n<p>De et avec Antoine Meunier \/ Co-\u00e9criture et mise en sc\u00e8ne de S\u00e9bastian Lazennec \/ Lumi\u00e8re de Simon Rutten<\/p>\n\n\n\n<p>GRATUIT \/ Sur r\u00e9servation au 02 43 72 52 22<\/p>\n\n\n\n<p>Pr\u00e9sentation de saison et temps de convivialit\u00e9 apr\u00e8s le spectacle<\/p>\n\n\n\n<p>\u00a9Damien Ledept pour Groupe D\u00e9j\u00e0<\/p>\n","protected":false},"excerpt":{"rendered":"<p>\u00ab\u00a0AMI(S)\u00a0\u00bb \/ Groupe D\u00e9j\u00e0 \/ Le Mans (72) \/ L&rsquo;Alambik Mjc Ronceray \/ SAMEDI 2 OCTOBRE \/ 18h30 \/ Ouverture de saison \/ A partir de 10 ans Th\u00e9\u00e2tre &#8211; Interrogation canine et manipulation d\u2019objets Il parait que le temps qui passe, nos obligations, nos \u00e9crans et nos sachets de soupe individuels interf\u00e8rent sur l&rsquo;amiti\u00e9&hellip;<\/p>\n","protected":false},"author":2,"featured_media":1167,"comment_status":"closed","ping_status":"","sticky":false,"template":"","format":"standard","meta":{"footnotes":""},"categories":[9,12,8,10,16],"tags":[],"class_list":["post-1165","post","type-post","status-publish","format-standard","has-post-thumbnail","hentry","category-actualite","category-amis","category-creation","category-groupedeja","category-sebastian-lazennec"],"_links":{"self":[{"href":"https:\/\/groupedeja.com\/index.php\/wp-json\/wp\/v2\/posts\/1165","targetHints":{"allow":["GET"]}}],"collection":[{"href":"https:\/\/groupedeja.com\/index.php\/wp-json\/wp\/v2\/posts"}],"about":[{"href":"https:\/\/groupedeja.com\/index.php\/wp-json\/wp\/v2\/types\/post"}],"author":[{"embeddable":true,"href":"https:\/\/groupedeja.com\/index.php\/wp-json\/wp\/v2\/users\/2"}],"replies":[{"embeddable":true,"href":"https:\/\/groupedeja.com\/index.php\/wp-json\/wp\/v2\/comments?post=1165"}],"version-history":[{"count":1,"href":"https:\/\/groupedeja.com\/index.php\/wp-json\/wp\/v2\/posts\/1165\/revisions"}],"predecessor-version":[{"id":1168,"href":"https:\/\/groupedeja.com\/index.php\/wp-json\/wp\/v2\/posts\/1165\/revisions\/1168"}],"wp:featuredmedia":[{"embeddable":true,"href":"https:\/\/groupedeja.com\/index.php\/wp-json\/wp\/v2\/media\/1167"}],"wp:attachment":[{"href":"https:\/\/groupedeja.com\/index.php\/wp-json\/wp\/v2\/media?parent=1165"}],"wp:term":[{"taxonomy":"category","embeddable":true,"href":"https:\/\/groupedeja.com\/index.php\/wp-json\/wp\/v2\/categories?post=1165"},{"taxonomy":"post_tag","embeddable":true,"href":"https:\/\/groupedeja.com\/index.php\/wp-json\/wp\/v2\/tags?post=1165"}],"curies":[{"name":"wp","href":"https:\/\/api.w.org\/{rel}","templated":true}]}}