{"id":1284,"date":"2022-04-05T15:49:00","date_gmt":"2022-04-05T13:49:00","guid":{"rendered":"https:\/\/groupedeja.com\/?p=1284"},"modified":"2022-04-07T15:50:39","modified_gmt":"2022-04-07T13:50:39","slug":"tous-les-jours-pour-les-professionnels-de-la-culture-et-de-leducation","status":"publish","type":"post","link":"https:\/\/groupedeja.com\/index.php\/2022\/04\/05\/tous-les-jours-pour-les-professionnels-de-la-culture-et-de-leducation\/","title":{"rendered":"\u00ab\u00a0Tous les jours\u00a0\u00bb pour les professionnels de la culture et de l&rsquo;\u00e9ducation"},"content":{"rendered":"\n<h2 class=\"wp-block-heading\">Deux repr\u00e9sentations priv\u00e9es \u00e0 l&rsquo;Espace culturel Eolienne (72) <\/h2>\n\n\n\n<div style=\"height:40px\" aria-hidden=\"true\" class=\"wp-block-spacer\"><\/div>\n\n\n\n<div class=\"wp-block-image\"><figure class=\"aligncenter size-large\"><img loading=\"lazy\" decoding=\"async\" width=\"430\" height=\"767\" src=\"https:\/\/groupedeja.com\/wp-content\/uploads\/2022\/04\/Capture-de\u0301cran-2022-04-07-a\u0300-15.38.02.png\" alt=\"\" class=\"wp-image-1286\" srcset=\"https:\/\/groupedeja.com\/wp-content\/uploads\/2022\/04\/Capture-de\u0301cran-2022-04-07-a\u0300-15.38.02.png 430w, https:\/\/groupedeja.com\/wp-content\/uploads\/2022\/04\/Capture-de\u0301cran-2022-04-07-a\u0300-15.38.02-168x300.png 168w\" sizes=\"auto, (max-width: 430px) 100vw, 430px\" \/><\/figure><\/div>\n\n\n\n<div style=\"height:45px\" aria-hidden=\"true\" class=\"wp-block-spacer\"><\/div>\n\n\n\n<p>Avant de faire venir <em><strong><a href=\"https:\/\/groupedeja.com\/index.php\/touslesjours\/\" data-type=\"URL\" data-id=\"https:\/\/groupedeja.com\/index.php\/touslesjours\/\">Tous les jours<\/a><\/strong><\/em>, la cr\u00e9ation de <strong>Groupe D\u00e9j\u00e0<\/strong> sur le <strong>harc\u00e8lement scolaire<\/strong>, dans votre \u00e9tablissement (en version hors les murs) ou bien dans votre th\u00e9\u00e2tre, festival, saison culturelle (en version plateau, bient\u00f4t disponible!), venez donc d\u00e9couvrir ce spectacle \u00e0 l\u2019<a href=\"https:\/\/www.arnage.fr\/vos-services\/culture\/saison-culturelle\/\" data-type=\"URL\" data-id=\"https:\/\/www.arnage.fr\/vos-services\/culture\/saison-culturelle\/\">Espace Culturel Eolienne<\/a> \u00e0 Arnage (72) en s\u00e9ance priv\u00e9e : <\/p>\n\n\n\n<p>-mercredi 6 avril \u00e0 16h00<\/p>\n\n\n\n<p>-jeudi 7 avril \u00e0 18h30<\/p>\n\n\n\n<p>(Nous contacter : ecrire@groupedeja.com) <\/p>\n\n\n\n<div style=\"height:22px\" aria-hidden=\"true\" class=\"wp-block-spacer\"><\/div>\n\n\n\n<h3 class=\"wp-block-heading\"> \u00ab\u00a0Tous les jours\u00a0\u00bb &#8211; Proc\u00e8s du harc\u00e8lement scolaire pour 2 com\u00e9diens et 19 sweats \u00e0 capuche<\/h3>\n\n\n\n<p>De et par : S\u00e9bastian Lazennec et Antoine Meunier<\/p>\n\n\n\n<p>Cr\u00e9ation sonore : Julien Leguay <\/p>\n\n\n\n<p style=\"font-size:10px\">Cr\u00e9dit photo : Laurianne Mari\u00e9<\/p>\n\n\n\n<p><\/p>\n","protected":false},"excerpt":{"rendered":"<p>Deux repr\u00e9sentations priv\u00e9es \u00e0 l&rsquo;Espace culturel Eolienne (72) Avant de faire venir Tous les jours, la cr\u00e9ation de Groupe D\u00e9j\u00e0 sur le harc\u00e8lement scolaire, dans votre \u00e9tablissement (en version hors les murs) ou bien dans votre th\u00e9\u00e2tre, festival, saison culturelle (en version plateau, bient\u00f4t disponible!), venez donc d\u00e9couvrir ce spectacle \u00e0 l\u2019Espace Culturel Eolienne \u00e0&hellip;<\/p>\n","protected":false},"author":2,"featured_media":1286,"comment_status":"closed","ping_status":"","sticky":false,"template":"","format":"standard","meta":{"footnotes":""},"categories":[9,8,10,16,19],"tags":[],"class_list":["post-1284","post","type-post","status-publish","format-standard","has-post-thumbnail","hentry","category-actualite","category-creation","category-groupedeja","category-sebastian-lazennec","category-tous-les-jours"],"_links":{"self":[{"href":"https:\/\/groupedeja.com\/index.php\/wp-json\/wp\/v2\/posts\/1284","targetHints":{"allow":["GET"]}}],"collection":[{"href":"https:\/\/groupedeja.com\/index.php\/wp-json\/wp\/v2\/posts"}],"about":[{"href":"https:\/\/groupedeja.com\/index.php\/wp-json\/wp\/v2\/types\/post"}],"author":[{"embeddable":true,"href":"https:\/\/groupedeja.com\/index.php\/wp-json\/wp\/v2\/users\/2"}],"replies":[{"embeddable":true,"href":"https:\/\/groupedeja.com\/index.php\/wp-json\/wp\/v2\/comments?post=1284"}],"version-history":[{"count":6,"href":"https:\/\/groupedeja.com\/index.php\/wp-json\/wp\/v2\/posts\/1284\/revisions"}],"predecessor-version":[{"id":1291,"href":"https:\/\/groupedeja.com\/index.php\/wp-json\/wp\/v2\/posts\/1284\/revisions\/1291"}],"wp:featuredmedia":[{"embeddable":true,"href":"https:\/\/groupedeja.com\/index.php\/wp-json\/wp\/v2\/media\/1286"}],"wp:attachment":[{"href":"https:\/\/groupedeja.com\/index.php\/wp-json\/wp\/v2\/media?parent=1284"}],"wp:term":[{"taxonomy":"category","embeddable":true,"href":"https:\/\/groupedeja.com\/index.php\/wp-json\/wp\/v2\/categories?post=1284"},{"taxonomy":"post_tag","embeddable":true,"href":"https:\/\/groupedeja.com\/index.php\/wp-json\/wp\/v2\/tags?post=1284"}],"curies":[{"name":"wp","href":"https:\/\/api.w.org\/{rel}","templated":true}]}}