{"id":1354,"date":"2022-04-20T17:16:00","date_gmt":"2022-04-20T15:16:00","guid":{"rendered":"https:\/\/groupedeja.com\/?p=1354"},"modified":"2022-04-22T17:21:46","modified_gmt":"2022-04-22T15:21:46","slug":"mon-grand-oncle-a-la-chapelle-saint-aubin-72","status":"publish","type":"post","link":"https:\/\/groupedeja.com\/index.php\/2022\/04\/20\/mon-grand-oncle-a-la-chapelle-saint-aubin-72\/","title":{"rendered":"\u00ab\u00a0Mon grand oncle\u00a0\u00bb \u00e0 la Chapelle Saint Aubin (72)"},"content":{"rendered":"\n<p>Germain Langlois nous a quitt\u00e9s il y a quelques jours. Passionn\u00e9 par les Pyr\u00e9n\u00e9es et les chaussures, il vivait sans amis ni famille \u00e0 La Chapelle-Saint-Aubin (72). Pour la lecture de son testament il souhaitait absolument la pr\u00e9sence de quelques personnes&#8230; <\/p>\n\n\n\n<p><strong>Rendez-vous samedi 30 avril \u00e0 19h et \u00e0 20h<\/strong> au <strong>Centre Culturel L&rsquo;Or\u00e9e du Bois de La Chapelle Saint Aubin <\/strong>(72). Son petit neveu vous expliquera la marche \u00e0 suivre&#8230;<\/p>\n\n\n\n<p><strong>R\u00e9servation :<\/strong> culture@lachapellesaintaubin.fr ou 06 77 35 43 33<\/p>\n\n\n\n<p><a href=\"https:\/\/groupedeja.com\/index.php\/mon-grand-oncle\/\" data-type=\"URL\" data-id=\"https:\/\/groupedeja.com\/index.php\/mon-grand-oncle\/\">Mon grand oncle<\/a> \/ <a href=\"https:\/\/groupedeja.com\/index.php\/presentation\/\" data-type=\"URL\" data-id=\"https:\/\/groupedeja.com\/index.php\/presentation\/\">Groupe D\u00e9j\u00e0<\/a><\/p>\n\n\n\n<p>\u00c9criture et jeu : S\u00e9bastian Lazennec<\/p>\n\n\n\n<p>Mise en sc\u00e8ne : Am\u00e9d\u00e9e Renoux<\/p>\n\n\n\n<figure class=\"wp-block-embed-youtube wp-block-embed is-type-video is-provider-youtube wp-embed-aspect-16-9 wp-has-aspect-ratio\"><div class=\"wp-block-embed__wrapper\">\n<iframe loading=\"lazy\" title=\"[Spectacle] Th\u00e9\u00e2tre intimiste &quot;Mon grand oncle&quot; de et par S\u00e9bastian Lazennec -Teaser\" width=\"500\" height=\"281\" src=\"https:\/\/www.youtube.com\/embed\/fLjEwemVBzM?feature=oembed\" frameborder=\"0\" allow=\"accelerometer; autoplay; clipboard-write; encrypted-media; gyroscope; picture-in-picture; web-share\" referrerpolicy=\"strict-origin-when-cross-origin\" allowfullscreen><\/iframe>\n<\/div><\/figure>\n","protected":false},"excerpt":{"rendered":"<p>Germain Langlois nous a quitt\u00e9s il y a quelques jours. Passionn\u00e9 par les Pyr\u00e9n\u00e9es et les chaussures, il vivait sans amis ni famille \u00e0 La Chapelle-Saint-Aubin (72). Pour la lecture de son testament il souhaitait absolument la pr\u00e9sence de quelques personnes&#8230; Rendez-vous samedi 30 avril \u00e0 19h et \u00e0 20h au Centre Culturel L&rsquo;Or\u00e9e du&hellip;<\/p>\n","protected":false},"author":2,"featured_media":444,"comment_status":"closed","ping_status":"","sticky":false,"template":"","format":"standard","meta":{"footnotes":""},"categories":[9,10,13,16],"tags":[],"class_list":["post-1354","post","type-post","status-publish","format-standard","has-post-thumbnail","hentry","category-actualite","category-groupedeja","category-mongrandoncle","category-sebastian-lazennec"],"_links":{"self":[{"href":"https:\/\/groupedeja.com\/index.php\/wp-json\/wp\/v2\/posts\/1354","targetHints":{"allow":["GET"]}}],"collection":[{"href":"https:\/\/groupedeja.com\/index.php\/wp-json\/wp\/v2\/posts"}],"about":[{"href":"https:\/\/groupedeja.com\/index.php\/wp-json\/wp\/v2\/types\/post"}],"author":[{"embeddable":true,"href":"https:\/\/groupedeja.com\/index.php\/wp-json\/wp\/v2\/users\/2"}],"replies":[{"embeddable":true,"href":"https:\/\/groupedeja.com\/index.php\/wp-json\/wp\/v2\/comments?post=1354"}],"version-history":[{"count":1,"href":"https:\/\/groupedeja.com\/index.php\/wp-json\/wp\/v2\/posts\/1354\/revisions"}],"predecessor-version":[{"id":1355,"href":"https:\/\/groupedeja.com\/index.php\/wp-json\/wp\/v2\/posts\/1354\/revisions\/1355"}],"wp:featuredmedia":[{"embeddable":true,"href":"https:\/\/groupedeja.com\/index.php\/wp-json\/wp\/v2\/media\/444"}],"wp:attachment":[{"href":"https:\/\/groupedeja.com\/index.php\/wp-json\/wp\/v2\/media?parent=1354"}],"wp:term":[{"taxonomy":"category","embeddable":true,"href":"https:\/\/groupedeja.com\/index.php\/wp-json\/wp\/v2\/categories?post=1354"},{"taxonomy":"post_tag","embeddable":true,"href":"https:\/\/groupedeja.com\/index.php\/wp-json\/wp\/v2\/tags?post=1354"}],"curies":[{"name":"wp","href":"https:\/\/api.w.org\/{rel}","templated":true}]}}