{"id":1404,"date":"2022-05-10T17:05:00","date_gmt":"2022-05-10T15:05:00","guid":{"rendered":"https:\/\/groupedeja.com\/?p=1404"},"modified":"2022-06-02T16:46:58","modified_gmt":"2022-06-02T14:46:58","slug":"amis-en-tournee","status":"publish","type":"post","link":"https:\/\/groupedeja.com\/index.php\/2022\/05\/10\/amis-en-tournee\/","title":{"rendered":"\u00ab\u00a0AMI(S)\u00a0\u00bb en tourn\u00e9e !"},"content":{"rendered":"\n<p>Il fait trop beau pour s&rsquo;enfermer dans une salle de spectacle hein ? <a href=\"https:\/\/groupedeja.com\/\" data-type=\"URL\" data-id=\"https:\/\/groupedeja.com\/\">Groupe D\u00e9j\u00e0<\/a> joue <a href=\"https:\/\/groupedeja.com\/index.php\/amis\/\" data-type=\"URL\" data-id=\"https:\/\/groupedeja.com\/index.php\/amis\/\">\u00ab\u00a0AMI(S)\u00a0\u00bb &#8211; Interrogation canine et manipulation d\u2019objets<\/a>, en version ext\u00e9rieure pr\u00e8s de chez vous !&nbsp;<img loading=\"lazy\" decoding=\"async\" height=\"16\" width=\"16\" alt=\"\ud83d\udc36\" src=\"https:\/\/static.xx.fbcdn.net\/images\/emoji.php\/v9\/tce\/2\/16\/1f436.png\"><\/p>\n\n\n\n<p>&#8211; Samedi 21 mai \u00e0&nbsp;Fay-en-Montagne&nbsp;(39) \/&nbsp;<a href=\"https:\/\/www.scenesdujura.com\/\" data-type=\"URL\" data-id=\"https:\/\/www.scenesdujura.com\/\">Les Sc\u00e8nes du Jura &#8211; Sc\u00e8ne nationale<\/a>&nbsp;\/ Comme un bol d&rsquo;air&#8230;<br>&#8211; Vendredi 10 juin \u00e0 Elven (56) \/ <a href=\"https:\/\/www.csc-elven.fr\/index.php?option=com_content&amp;view=article&amp;id=114&amp;Itemid=143\" data-type=\"URL\" data-id=\"https:\/\/www.csc-elven.fr\/index.php?option=com_content&amp;view=article&amp;id=114&amp;Itemid=143\">Printemps Du Th\u00e9\u00e2tre<\/a><br>&#8211; Mardi 19 juillet \u00e0&nbsp;Ville Les Ponts-de-C\u00e9&nbsp;(49) \/ Programmation d&rsquo;\u00e9t\u00e9<br>&#8211; Vendredi 29, samedi 30 et dimanche 31 juillet \u00e0&nbsp;Luxey&nbsp;(40) \/&nbsp;<a href=\"http:\/\/www.musicalarue.com\/fr\/accueil\/bienvenue.html\" data-type=\"URL\" data-id=\"http:\/\/www.musicalarue.com\/fr\/accueil\/bienvenue.html\">Musicalarue<\/a><br>&#8211; Dimanche 18 septembre \/ Chamarande (91) \/&nbsp;<a href=\"http:\/\/chamarande.essonne.fr\/\" data-type=\"URL\" data-id=\"http:\/\/chamarande.essonne.fr\/\">Domaine de Chamarande<\/a><\/p>\n\n\n\n<h2 class=\"wp-block-heading\">\u00ab\u00a0AMI(S)\u00a0\u00bb<\/h2>\n\n\n\n<p>\u00c9criture :&nbsp;Antoine Meunier et&nbsp;<a href=\"https:\/\/groupedeja.com\/index.php\/sebastian-lazennec\/\" data-type=\"URL\" data-id=\"https:\/\/groupedeja.com\/index.php\/sebastian-lazennec\/\">S\u00e9bastian Lazennec<\/a><br>Mise en sc\u00e8ne : S\u00e9bastian Lazennec<br>Jeu : Antoine Meunier<br>Cr\u00e9ation lumi\u00e8re et r\u00e9gie g\u00e9n\u00e9rale :&nbsp;Simon Rutten<br>Arrangements sonores :&nbsp;Julien Leguay<br>Photographie : Adrien Boulard<\/p>\n\n\n\n<p>Groupe D\u00e9j\u00e0, th\u00e9\u00e2tre et coups de soleil.<\/p>\n","protected":false},"excerpt":{"rendered":"<p>Il fait trop beau pour s&rsquo;enfermer dans une salle de spectacle hein ? Groupe D\u00e9j\u00e0 joue \u00ab\u00a0AMI(S)\u00a0\u00bb &#8211; Interrogation canine et manipulation d\u2019objets, en version ext\u00e9rieure pr\u00e8s de chez vous !&nbsp; &#8211; Samedi 21 mai \u00e0&nbsp;Fay-en-Montagne&nbsp;(39) \/&nbsp;Les Sc\u00e8nes du Jura &#8211; Sc\u00e8ne nationale&nbsp;\/ Comme un bol d&rsquo;air&#8230;&#8211; Vendredi 10 juin \u00e0 Elven (56) \/ Printemps&hellip;<\/p>\n","protected":false},"author":2,"featured_media":1405,"comment_status":"closed","ping_status":"","sticky":false,"template":"","format":"standard","meta":{"footnotes":""},"categories":[9,12,8,10,16],"tags":[],"class_list":["post-1404","post","type-post","status-publish","format-standard","has-post-thumbnail","hentry","category-actualite","category-amis","category-creation","category-groupedeja","category-sebastian-lazennec"],"_links":{"self":[{"href":"https:\/\/groupedeja.com\/index.php\/wp-json\/wp\/v2\/posts\/1404","targetHints":{"allow":["GET"]}}],"collection":[{"href":"https:\/\/groupedeja.com\/index.php\/wp-json\/wp\/v2\/posts"}],"about":[{"href":"https:\/\/groupedeja.com\/index.php\/wp-json\/wp\/v2\/types\/post"}],"author":[{"embeddable":true,"href":"https:\/\/groupedeja.com\/index.php\/wp-json\/wp\/v2\/users\/2"}],"replies":[{"embeddable":true,"href":"https:\/\/groupedeja.com\/index.php\/wp-json\/wp\/v2\/comments?post=1404"}],"version-history":[{"count":2,"href":"https:\/\/groupedeja.com\/index.php\/wp-json\/wp\/v2\/posts\/1404\/revisions"}],"predecessor-version":[{"id":1448,"href":"https:\/\/groupedeja.com\/index.php\/wp-json\/wp\/v2\/posts\/1404\/revisions\/1448"}],"wp:featuredmedia":[{"embeddable":true,"href":"https:\/\/groupedeja.com\/index.php\/wp-json\/wp\/v2\/media\/1405"}],"wp:attachment":[{"href":"https:\/\/groupedeja.com\/index.php\/wp-json\/wp\/v2\/media?parent=1404"}],"wp:term":[{"taxonomy":"category","embeddable":true,"href":"https:\/\/groupedeja.com\/index.php\/wp-json\/wp\/v2\/categories?post=1404"},{"taxonomy":"post_tag","embeddable":true,"href":"https:\/\/groupedeja.com\/index.php\/wp-json\/wp\/v2\/tags?post=1404"}],"curies":[{"name":"wp","href":"https:\/\/api.w.org\/{rel}","templated":true}]}}