{"id":1409,"date":"2022-05-12T17:15:54","date_gmt":"2022-05-12T15:15:54","guid":{"rendered":"https:\/\/groupedeja.com\/?p=1409"},"modified":"2022-05-12T17:16:11","modified_gmt":"2022-05-12T15:16:11","slug":"laffiche-de-tous-les-jours","status":"publish","type":"post","link":"https:\/\/groupedeja.com\/index.php\/2022\/05\/12\/laffiche-de-tous-les-jours\/","title":{"rendered":"L&rsquo;affiche de \u00ab\u00a0Tous les jours\u00a0\u00bb"},"content":{"rendered":"\n<p>ELLE EST L\u00c0 ! Encore toute chaude de l&rsquo;impression, l&rsquo;affiche de \u00ab\u00a0<a href=\"https:\/\/groupedeja.com\/index.php\/touslesjours\/\" data-type=\"URL\" data-id=\"https:\/\/groupedeja.com\/index.php\/touslesjours\/\">Tous les jours<\/a>\u00a0\u00bb est pr\u00eate \u00e0 \u00eatre accroch\u00e9e dans tous les \u00e9tablissements scolaires du monde.<\/p>\n\n\n\n<p>Mais on commencera quand m\u00eame la tourn\u00e9e par notre beau d\u00e9partement de la Sarthe en juin :<br>&#8211; 9\/06\/22 \/ Le Mans (72) \/ Coll\u00e8ge Pierre gilles de gennes<br>&#8211; 13\/06\/22 \/ Le Mans (72) \/ Coll\u00e8ge Joseph Weismann<br>&#8211; 24\/06\/22 \/ Allonnes (72) \/ Coll\u00e8ges John Kennedy et Le Marin<\/p>\n\n\n\n<p>\u00ab\u00a0Tous les jours\u00a0\u00bb &#8211; Proc\u00e8s du harc\u00e8lement scolaire pour 2 com\u00e9diens et 19 sweats \u00e0 capuche<br>Jeu et \u00e9criture :\u00a0<a href=\"https:\/\/groupedeja.com\/index.php\/sebastian-lazennec\/\" data-type=\"URL\" data-id=\"https:\/\/groupedeja.com\/index.php\/sebastian-lazennec\/\">S\u00e9bastian Lazennec<\/a>\u00a0et Antoine Meunier<br>Cr\u00e9ation sonore :\u00a0Julien Leguay<br>Future cr\u00e9ation lumi\u00e8re :\u00a0Simon Rutten<br>Production, Administration, Tourn\u00e9es :\u00a0Emilie M\u00e9tris<br>Photographie :\u00a0<a href=\"https:\/\/pascalboudet.fr\/\" data-type=\"URL\" data-id=\"https:\/\/pascalboudet.fr\/\">Pascal Boudet<\/a><br>Affiche :\u00a0Laurianne Mari\u00e9<\/p>\n\n\n\n<p><a href=\"https:\/\/groupedeja.com\/\" data-type=\"URL\" data-id=\"https:\/\/groupedeja.com\/\">GROUPE DEJA<\/a>, du th\u00e9\u00e2tre pour de vrai.<\/p>\n\n\n\n<p>\u00ab\u00a0Tous les jours\u00a0\u00bb a re\u00e7u le soutien de la <a href=\"https:\/\/www.lemans.fr\/\" data-type=\"URL\" data-id=\"https:\/\/www.lemans.fr\/\">Ville du Mans<\/a> \/ Culture Le Mans.<br>Accueil en r\u00e9sidence au\u00a0<a href=\"https:\/\/www.theatredechaoue.fr\/\" data-type=\"URL\" data-id=\"https:\/\/www.theatredechaoue.fr\/\">Th\u00e9\u00e2tre de Chaoue<\/a>\u00a0\u00e0\u00a0Allonnes\u00a0(72), \u00e0 Saint-Cl\u00e9ment-de-la-Place (49), au Chapitre \u00e0 l&rsquo;<a href=\"https:\/\/epau.sarthe.fr\/\" data-type=\"URL\" data-id=\"https:\/\/epau.sarthe.fr\/\">Abbaye Royale de l&rsquo;\u00c9pau<\/a>\u00a0(Dispositif Plateau libre de Sarthe Culture et du\u00a0<a href=\"https:\/\/www.sarthe.fr\/\" data-type=\"URL\" data-id=\"https:\/\/www.sarthe.fr\/\">D\u00e9partement de la Sarthe<\/a>) et au Th\u00e9\u00e2tre Paul Scarron au Mans (72).<\/p>\n","protected":false},"excerpt":{"rendered":"<p>ELLE EST L\u00c0 ! Encore toute chaude de l&rsquo;impression, l&rsquo;affiche de \u00ab\u00a0Tous les jours\u00a0\u00bb est pr\u00eate \u00e0 \u00eatre accroch\u00e9e dans tous les \u00e9tablissements scolaires du monde. Mais on commencera quand m\u00eame la tourn\u00e9e par notre beau d\u00e9partement de la Sarthe en juin :&#8211; 9\/06\/22 \/ Le Mans (72) \/ Coll\u00e8ge Pierre gilles de gennes&#8211; 13\/06\/22&hellip;<\/p>\n","protected":false},"author":2,"featured_media":1411,"comment_status":"closed","ping_status":"","sticky":false,"template":"","format":"standard","meta":{"footnotes":""},"categories":[9,8,10,16,19],"tags":[],"class_list":["post-1409","post","type-post","status-publish","format-standard","has-post-thumbnail","hentry","category-actualite","category-creation","category-groupedeja","category-sebastian-lazennec","category-tous-les-jours"],"_links":{"self":[{"href":"https:\/\/groupedeja.com\/index.php\/wp-json\/wp\/v2\/posts\/1409","targetHints":{"allow":["GET"]}}],"collection":[{"href":"https:\/\/groupedeja.com\/index.php\/wp-json\/wp\/v2\/posts"}],"about":[{"href":"https:\/\/groupedeja.com\/index.php\/wp-json\/wp\/v2\/types\/post"}],"author":[{"embeddable":true,"href":"https:\/\/groupedeja.com\/index.php\/wp-json\/wp\/v2\/users\/2"}],"replies":[{"embeddable":true,"href":"https:\/\/groupedeja.com\/index.php\/wp-json\/wp\/v2\/comments?post=1409"}],"version-history":[{"count":2,"href":"https:\/\/groupedeja.com\/index.php\/wp-json\/wp\/v2\/posts\/1409\/revisions"}],"predecessor-version":[{"id":1413,"href":"https:\/\/groupedeja.com\/index.php\/wp-json\/wp\/v2\/posts\/1409\/revisions\/1413"}],"wp:featuredmedia":[{"embeddable":true,"href":"https:\/\/groupedeja.com\/index.php\/wp-json\/wp\/v2\/media\/1411"}],"wp:attachment":[{"href":"https:\/\/groupedeja.com\/index.php\/wp-json\/wp\/v2\/media?parent=1409"}],"wp:term":[{"taxonomy":"category","embeddable":true,"href":"https:\/\/groupedeja.com\/index.php\/wp-json\/wp\/v2\/categories?post=1409"},{"taxonomy":"post_tag","embeddable":true,"href":"https:\/\/groupedeja.com\/index.php\/wp-json\/wp\/v2\/tags?post=1409"}],"curies":[{"name":"wp","href":"https:\/\/api.w.org\/{rel}","templated":true}]}}