{"id":1421,"date":"2022-05-16T12:37:00","date_gmt":"2022-05-16T10:37:00","guid":{"rendered":"https:\/\/groupedeja.com\/?p=1421"},"modified":"2022-06-02T16:46:38","modified_gmt":"2022-06-02T14:46:38","slug":"cowboy-ou-indien-a-la-deferlante-de-printemps","status":"publish","type":"post","link":"https:\/\/groupedeja.com\/index.php\/2022\/05\/16\/cowboy-ou-indien-a-la-deferlante-de-printemps\/","title":{"rendered":"\u00ab\u00a0Cowboy ou indien ?\u00a0\u00bb \u00e0 la D\u00e9ferlante de printemps"},"content":{"rendered":"\n<p><strong>Vous faites quoi pour le weekend de l&rsquo;ascension ?<\/strong> Groupe D\u00e9j\u00e0 prend le large et participe \u00e0 la D\u00e9ferlante de printemps avec \u00ab\u00a0<a href=\"https:\/\/groupedeja.com\/index.php\/cowboy-ou-indien-2\/\" data-type=\"URL\" data-id=\"https:\/\/groupedeja.com\/index.php\/cowboy-ou-indien-2\/\">Cowboy ou indien ?<\/a>\u00a0\u00bb en version ext\u00e9rieure.<\/p>\n\n\n\n<p>-Jeudi 26 mai \u00e0 21h30 &#8211;&nbsp;<a href=\"https:\/\/www.ladeferlante.com\/programmation-notre-dame-de-monts\/\" data-type=\"URL\" data-id=\"https:\/\/www.ladeferlante.com\/programmation-notre-dame-de-monts\/\">Notre Dame de Monts<\/a>&nbsp;(85) \/ Podium Mairie, rue des mara\u00eechins<\/p>\n\n\n\n<p>-Vendredi 27 mai \u00e0 14h30 &#8211; <a href=\"https:\/\/www.ladeferlante.com\/programmation-noirmoutier-en-lile\/\" data-type=\"URL\" data-id=\"https:\/\/www.ladeferlante.com\/programmation-noirmoutier-en-lile\/\">Noirmoutier-en-l&rsquo;\u00eele<\/a> (85) \/ Cour de l&rsquo;\u00e9cole Richier<\/p>\n\n\n\n<p>-Samedi 28 mai \u00e0 17h \u00e0&nbsp;<a href=\"https:\/\/www.ladeferlante.com\/programmation-saint-hilaire-de-riez\/\" data-type=\"URL\" data-id=\"https:\/\/www.ladeferlante.com\/programmation-saint-hilaire-de-riez\/\">Saint Hilaire de Riez<\/a>&nbsp;(85) \/ Esplanade de la Baritaudi\u00e8re<\/p>\n\n\n\n<p>\u00c9criture et jeu :&nbsp;<a href=\"https:\/\/groupedeja.com\/index.php\/sebastian-lazennec\/\" data-type=\"URL\" data-id=\"https:\/\/groupedeja.com\/index.php\/sebastian-lazennec\/\">S\u00e9bastian Lazennec<\/a>&nbsp;et&nbsp;Antoine Meunier<br>Cr\u00e9ation sonore :&nbsp;Julien Leguay<\/p>\n\n\n\n<p><a href=\"https:\/\/groupedeja.com\/index.php\/presentation\/\" data-type=\"URL\" data-id=\"https:\/\/groupedeja.com\/index.php\/presentation\/\">Groupe D\u00e9j\u00e0<\/a>, th\u00e9\u00e2tre et mogettes<\/p>\n","protected":false},"excerpt":{"rendered":"<p>Vous faites quoi pour le weekend de l&rsquo;ascension ? Groupe D\u00e9j\u00e0 prend le large et participe \u00e0 la D\u00e9ferlante de printemps avec \u00ab\u00a0Cowboy ou indien ?\u00a0\u00bb en version ext\u00e9rieure. -Jeudi 26 mai \u00e0 21h30 &#8211;&nbsp;Notre Dame de Monts&nbsp;(85) \/ Podium Mairie, rue des mara\u00eechins -Vendredi 27 mai \u00e0 14h30 &#8211; Noirmoutier-en-l&rsquo;\u00eele (85) \/ Cour de&hellip;<\/p>\n","protected":false},"author":2,"featured_media":1422,"comment_status":"closed","ping_status":"","sticky":false,"template":"","format":"standard","meta":{"footnotes":""},"categories":[9,14,8,6,10,16],"tags":[],"class_list":["post-1421","post","type-post","status-publish","format-standard","has-post-thumbnail","hentry","category-actualite","category-cowboy-ou-indien","category-creation","category-festival","category-groupedeja","category-sebastian-lazennec"],"_links":{"self":[{"href":"https:\/\/groupedeja.com\/index.php\/wp-json\/wp\/v2\/posts\/1421","targetHints":{"allow":["GET"]}}],"collection":[{"href":"https:\/\/groupedeja.com\/index.php\/wp-json\/wp\/v2\/posts"}],"about":[{"href":"https:\/\/groupedeja.com\/index.php\/wp-json\/wp\/v2\/types\/post"}],"author":[{"embeddable":true,"href":"https:\/\/groupedeja.com\/index.php\/wp-json\/wp\/v2\/users\/2"}],"replies":[{"embeddable":true,"href":"https:\/\/groupedeja.com\/index.php\/wp-json\/wp\/v2\/comments?post=1421"}],"version-history":[{"count":2,"href":"https:\/\/groupedeja.com\/index.php\/wp-json\/wp\/v2\/posts\/1421\/revisions"}],"predecessor-version":[{"id":1447,"href":"https:\/\/groupedeja.com\/index.php\/wp-json\/wp\/v2\/posts\/1421\/revisions\/1447"}],"wp:featuredmedia":[{"embeddable":true,"href":"https:\/\/groupedeja.com\/index.php\/wp-json\/wp\/v2\/media\/1422"}],"wp:attachment":[{"href":"https:\/\/groupedeja.com\/index.php\/wp-json\/wp\/v2\/media?parent=1421"}],"wp:term":[{"taxonomy":"category","embeddable":true,"href":"https:\/\/groupedeja.com\/index.php\/wp-json\/wp\/v2\/categories?post=1421"},{"taxonomy":"post_tag","embeddable":true,"href":"https:\/\/groupedeja.com\/index.php\/wp-json\/wp\/v2\/tags?post=1421"}],"curies":[{"name":"wp","href":"https:\/\/api.w.org\/{rel}","templated":true}]}}