{"id":1440,"date":"2022-06-01T15:26:00","date_gmt":"2022-06-01T13:26:00","guid":{"rendered":"https:\/\/groupedeja.com\/?p=1440"},"modified":"2022-06-02T15:27:11","modified_gmt":"2022-06-02T13:27:11","slug":"tous-les-jours-dans-des-colleges-en-sarthe-72","status":"publish","type":"post","link":"https:\/\/groupedeja.com\/index.php\/2022\/06\/01\/tous-les-jours-dans-des-colleges-en-sarthe-72\/","title":{"rendered":"\u00ab\u00a0Tous les jours\u00a0\u00bb dans des coll\u00e8ges en Sarthe (72)"},"content":{"rendered":"\n<p>En juin, on juge le harc\u00e8lement scolaire en personne ! <br>Groupe D\u00e9j\u00e0 joue \u00ab\u00a0<a href=\"https:\/\/groupedeja.com\/index.php\/touslesjours\/\" data-type=\"URL\" data-id=\"https:\/\/groupedeja.com\/index.php\/touslesjours\/\">Tous les jours<\/a>\u00a0\u00bb &#8211; proc\u00e8s du harc\u00e8lement scolaire pour 2 com\u00e9diens et 19 sweats \u00e0 capuche :<br><br>&#8211; le 9 juin au <a href=\"https:\/\/clg-marochuchepie.sarthe.e-lyco.fr\/\" data-type=\"URL\" data-id=\"https:\/\/clg-marochuchepie.sarthe.e-lyco.fr\/\">Coll\u00e8ge Pierre-Gilles de Gennes<\/a> du Mans (72) + une repr\u00e9sentation destin\u00e9e aux parents<br>&#8211; le 13 juin au <a href=\"https:\/\/clg-joseph-weismann.sarthe.e-lyco.fr\/\" data-type=\"URL\" data-id=\"https:\/\/clg-joseph-weismann.sarthe.e-lyco.fr\/\">Coll\u00e8ge Joseph Weismann<\/a> du Mans (72)<br>&#8211; le 24 juin au <a href=\"https:\/\/clg-jfkennedy.sarthe.e-lyco.fr\/\" data-type=\"URL\" data-id=\"https:\/\/clg-jfkennedy.sarthe.e-lyco.fr\/\">Coll\u00e8ge John Kennedy<\/a> de Allonnes (72)<br><br>De et par <a href=\"https:\/\/groupedeja.com\/index.php\/sebastian-lazennec\/\" data-type=\"URL\" data-id=\"https:\/\/groupedeja.com\/index.php\/sebastian-lazennec\/\">S\u00e9bastian Lazennec<\/a> et Antoine Meunier <br>Cr\u00e9ation sonore : Julien Leguay <br>Reportage : Yann Ledos et Marc Yvard pour <a href=\"https:\/\/france3-regions.francetvinfo.fr\/pays-de-la-loire\/emissions\/1920-maine\" data-type=\"URL\" data-id=\"https:\/\/france3-regions.francetvinfo.fr\/pays-de-la-loire\/emissions\/1920-maine\">France 3 Maine<\/a>.<\/p>\n\n\n\n<p><a href=\"https:\/\/groupedeja.com\/\" data-type=\"URL\" data-id=\"https:\/\/groupedeja.com\/\">Groupe D\u00e9j\u00e0<\/a>, th\u00e9\u00e2tre et Cour d&rsquo;assise<\/p>\n\n\n\n<div class=\"wp-block-columns is-layout-flex wp-container-core-columns-is-layout-1 wp-block-columns-is-layout-flex\">\n<div class=\"wp-block-column is-layout-flow wp-block-column-is-layout-flow\" style=\"flex-basis:66.66%\">\n<figure class=\"wp-block-embed-youtube aligncenter wp-block-embed is-type-video is-provider-youtube wp-embed-aspect-16-9 wp-has-aspect-ratio\"><div class=\"wp-block-embed__wrapper\">\n<iframe loading=\"lazy\" title=\"Reportage &quot;Tous les jours&quot; de Groupe D\u00e9j\u00e0 - France 3\" width=\"500\" height=\"281\" src=\"https:\/\/www.youtube.com\/embed\/quLEPtF6kz4?feature=oembed\" frameborder=\"0\" allow=\"accelerometer; autoplay; clipboard-write; encrypted-media; gyroscope; picture-in-picture; web-share\" referrerpolicy=\"strict-origin-when-cross-origin\" allowfullscreen><\/iframe>\n<\/div><\/figure>\n<\/div>\n\n\n\n<div class=\"wp-block-column is-layout-flow wp-block-column-is-layout-flow\" style=\"flex-basis:33.33%\"><\/div>\n<\/div>\n","protected":false},"excerpt":{"rendered":"<p>En juin, on juge le harc\u00e8lement scolaire en personne ! Groupe D\u00e9j\u00e0 joue \u00ab\u00a0Tous les jours\u00a0\u00bb &#8211; proc\u00e8s du harc\u00e8lement scolaire pour 2 com\u00e9diens et 19 sweats \u00e0 capuche : &#8211; le 9 juin au Coll\u00e8ge Pierre-Gilles de Gennes du Mans (72) + une repr\u00e9sentation destin\u00e9e aux parents&#8211; le 13 juin au Coll\u00e8ge Joseph Weismann&hellip;<\/p>\n","protected":false},"author":2,"featured_media":1442,"comment_status":"closed","ping_status":"","sticky":false,"template":"","format":"standard","meta":{"footnotes":""},"categories":[9,8,10,16,19],"tags":[],"class_list":["post-1440","post","type-post","status-publish","format-standard","has-post-thumbnail","hentry","category-actualite","category-creation","category-groupedeja","category-sebastian-lazennec","category-tous-les-jours"],"_links":{"self":[{"href":"https:\/\/groupedeja.com\/index.php\/wp-json\/wp\/v2\/posts\/1440","targetHints":{"allow":["GET"]}}],"collection":[{"href":"https:\/\/groupedeja.com\/index.php\/wp-json\/wp\/v2\/posts"}],"about":[{"href":"https:\/\/groupedeja.com\/index.php\/wp-json\/wp\/v2\/types\/post"}],"author":[{"embeddable":true,"href":"https:\/\/groupedeja.com\/index.php\/wp-json\/wp\/v2\/users\/2"}],"replies":[{"embeddable":true,"href":"https:\/\/groupedeja.com\/index.php\/wp-json\/wp\/v2\/comments?post=1440"}],"version-history":[{"count":5,"href":"https:\/\/groupedeja.com\/index.php\/wp-json\/wp\/v2\/posts\/1440\/revisions"}],"predecessor-version":[{"id":1446,"href":"https:\/\/groupedeja.com\/index.php\/wp-json\/wp\/v2\/posts\/1440\/revisions\/1446"}],"wp:featuredmedia":[{"embeddable":true,"href":"https:\/\/groupedeja.com\/index.php\/wp-json\/wp\/v2\/media\/1442"}],"wp:attachment":[{"href":"https:\/\/groupedeja.com\/index.php\/wp-json\/wp\/v2\/media?parent=1440"}],"wp:term":[{"taxonomy":"category","embeddable":true,"href":"https:\/\/groupedeja.com\/index.php\/wp-json\/wp\/v2\/categories?post=1440"},{"taxonomy":"post_tag","embeddable":true,"href":"https:\/\/groupedeja.com\/index.php\/wp-json\/wp\/v2\/tags?post=1440"}],"curies":[{"name":"wp","href":"https:\/\/api.w.org\/{rel}","templated":true}]}}