{"id":1632,"date":"2022-09-19T16:44:00","date_gmt":"2022-09-19T14:44:00","guid":{"rendered":"https:\/\/groupedeja.com\/?p=1632"},"modified":"2022-10-06T16:52:28","modified_gmt":"2022-10-06T14:52:28","slug":"cowboy-ou-indien-a-bellevigne-en-layon-49","status":"publish","type":"post","link":"https:\/\/groupedeja.com\/index.php\/2022\/09\/19\/cowboy-ou-indien-a-bellevigne-en-layon-49\/","title":{"rendered":"Cowboy ou indien ? \u00e0 Bellevigne en Layon (49)"},"content":{"rendered":"\n<p>\u00ab \ud835\udddf\u2019\ud835\uddee\ud835\uddef\ud835\uddee\ud835\uddfb\ud835\uddf1\ud835\uddfc\ud835\uddfb, \ud835\uddf9\u2019\ud835\uddf6\ud835\uddfb\ud835\uddf0\ud835\uddfc\ud835\uddfa\ud835\uddfd\ud835\uddff\ud835\uddf2\ud835\uddf5\ud835\uddf2\ud835\uddfb\ud835\ude00\ud835\uddf6\ud835\uddfc\ud835\uddfb, \ud835\uddf9\ud835\uddf2\ud835\ude00 \ud835\uddf3\ud835\uddff\ud835\ude02\ud835\ude00\ud835\ude01\ud835\uddff\ud835\uddee\ud835\ude01\ud835\uddf6\ud835\uddfc\ud835\uddfb\ud835\ude00 \ud835\uddf1\ud835\uddf2 \ud835\uddfb\ud835\uddfc\ud835\ude00 \ud835\ude03\ud835\uddf6\ud835\uddf2\ud835\ude00 \ud835\uddf1\u2019\ud835\uddee\ud835\uddf1\ud835\ude02\ud835\uddf9\ud835\ude01\ud835\uddf2\ud835\ude00, \ud835\uddf9\u2019\ud835\uddf2\ud835\uddf9\ud835\uddfc\ud835\uddf6\ud835\uddf4\ud835\uddfb\ud835\uddf2\ud835\uddfa\ud835\uddf2\ud835\uddfb\ud835\ude01, \ud835\uddf9\ud835\uddee \ud835\uddfd\ud835\uddf2\ud835\uddff\ud835\ude01\ud835\uddf2 \ud835\uddf1\ud835\uddf2\ud835\ude00 \ud835\uddf2\ud835\ude01\ud835\uddff\ud835\uddf2\ud835\ude00 \ud835\uddf0\ud835\uddf5\ud835\uddf2\ud835\uddff\ud835\ude00\u2026 \ud835\udde7\ud835\uddfc\ud835\ude02\ud835\ude01 \ud835\ude06 \ud835\uddf2\ud835\ude00\ud835\ude01. \u00bb <a href=\"https:\/\/www.ouest-france.fr\/pays-de-la-loire\/cholet-49300\/theatre-apres-cowboy-ou-indien-on-ne-voit-plus-nos-freres-et-soeurs-comme-avant-ebae1f8a-b428-11ec-9a24-5bd00f9afaef\" data-type=\"URL\" data-id=\"https:\/\/www.ouest-france.fr\/pays-de-la-loire\/cholet-49300\/theatre-apres-cowboy-ou-indien-on-ne-voit-plus-nos-freres-et-soeurs-comme-avant-ebae1f8a-b428-11ec-9a24-5bd00f9afaef\">Ouest France<\/a><\/p>\n\n\n\n<p>Groupe D\u00e9j\u00e0 joue \u00ab\u00a0<a href=\"https:\/\/groupedeja.com\/index.php\/cowboy-ou-indien-2\/\" data-type=\"URL\" data-id=\"https:\/\/groupedeja.com\/index.php\/cowboy-ou-indien-2\/\">Cowboy ou indien ?<\/a>\u00a0\u00bb \u00e0 Bellevigne en Layon (49) avec <a href=\"https:\/\/www.villages-en-scene.fr\/fr\/la-saison\/cowboy-ou-indien\" data-type=\"URL\" data-id=\"https:\/\/www.villages-en-scene.fr\/fr\/la-saison\/cowboy-ou-indien\">Villages en Sc\u00e8ne<\/a> vendredi 30 septembre \u00e0 20h30 (02 41 78 26 21)<\/p>\n\n\n\n<p>Les prochaines dates : <br>&#8211; 08\/10\/22 \/ La Hague (50) \/ Espace culturel<br>&#8211; 12\/10\/22 \/ Sallanches (74) \/ Salle L\u00e9on Curral<br>&#8211; 07\/11\/22 \/ C\u00e9n\u00e9jan (33) \/ Service culturel<br>&#8211; 10\/11\/22 \/ Plougastel (29) \/ Espace Avel Vor<br>&#8211; 18\/11\/22 \/ Suc\u00e9 sur Erdre (44) \/ Escale Culture<br>&#8211; 02\/12\/22 \/ Rioms (63) \/ Les Abattoirs<br>&#8211; 03\/12\/22 \/ Villard de Lans (38) \/ Les Arts s&rsquo;en m\u00ealent<br>&#8211; 06\/12\/22 \/ Foug\u00e8res (35) \/ Th\u00e9\u00e2tre Victor Hugo<br>&#8211; 08\/12\/22 \/ Evron (53) \/ P\u00f4le Culturel des Co\u00ebvrons<br>&#8211; 09\/12\/22 \/ St Jean de Boiseau (44) \/ Salle Les Pierres Blanches <br><br>Cowboy ou indien ? &#8211; Fresque th\u00e9\u00e2trale, drolatique et cruelle, au sujet de la fratrie<br>\u00c9criture et jeu : <a href=\"https:\/\/groupedeja.com\/index.php\/sebastian-lazennec\/\" data-type=\"URL\" data-id=\"https:\/\/groupedeja.com\/index.php\/sebastian-lazennec\/\">S\u00e9bastian Lazennec<\/a> et Antoine Meunier<br>Cr\u00e9ation sonore : Julien Leguay <br>Cr\u00e9ation lumi\u00e8re et direction technique : Simon Rutten <br>Photographie : Pascal Boudet <\/p>\n\n\n\n<p><br>Groupe D\u00e9j\u00e0, th\u00e9\u00e2tre qui rapproche<\/p>\n","protected":false},"excerpt":{"rendered":"<p>\u00ab \ud835\udddf\u2019\ud835\uddee\ud835\uddef\ud835\uddee\ud835\uddfb\ud835\uddf1\ud835\uddfc\ud835\uddfb, \ud835\uddf9\u2019\ud835\uddf6\ud835\uddfb\ud835\uddf0\ud835\uddfc\ud835\uddfa\ud835\uddfd\ud835\uddff\ud835\uddf2\ud835\uddf5\ud835\uddf2\ud835\uddfb\ud835\ude00\ud835\uddf6\ud835\uddfc\ud835\uddfb, \ud835\uddf9\ud835\uddf2\ud835\ude00 \ud835\uddf3\ud835\uddff\ud835\ude02\ud835\ude00\ud835\ude01\ud835\uddff\ud835\uddee\ud835\ude01\ud835\uddf6\ud835\uddfc\ud835\uddfb\ud835\ude00 \ud835\uddf1\ud835\uddf2 \ud835\uddfb\ud835\uddfc\ud835\ude00 \ud835\ude03\ud835\uddf6\ud835\uddf2\ud835\ude00 \ud835\uddf1\u2019\ud835\uddee\ud835\uddf1\ud835\ude02\ud835\uddf9\ud835\ude01\ud835\uddf2\ud835\ude00, \ud835\uddf9\u2019\ud835\uddf2\ud835\uddf9\ud835\uddfc\ud835\uddf6\ud835\uddf4\ud835\uddfb\ud835\uddf2\ud835\uddfa\ud835\uddf2\ud835\uddfb\ud835\ude01, \ud835\uddf9\ud835\uddee \ud835\uddfd\ud835\uddf2\ud835\uddff\ud835\ude01\ud835\uddf2 \ud835\uddf1\ud835\uddf2\ud835\ude00 \ud835\uddf2\ud835\ude01\ud835\uddff\ud835\uddf2\ud835\ude00 \ud835\uddf0\ud835\uddf5\ud835\uddf2\ud835\uddff\ud835\ude00\u2026 \ud835\udde7\ud835\uddfc\ud835\ude02\ud835\ude01 \ud835\ude06 \ud835\uddf2\ud835\ude00\ud835\ude01. \u00bb Ouest France Groupe D\u00e9j\u00e0 joue \u00ab\u00a0Cowboy ou indien ?\u00a0\u00bb \u00e0 Bellevigne en Layon (49) avec Villages en Sc\u00e8ne vendredi 30 septembre \u00e0 20h30 (02 41 78 26 21) Les prochaines dates : &#8211; 08\/10\/22 \/ La&hellip;<\/p>\n","protected":false},"author":2,"featured_media":1633,"comment_status":"closed","ping_status":"","sticky":false,"template":"","format":"standard","meta":{"footnotes":""},"categories":[9,14,10,16],"tags":[],"class_list":["post-1632","post","type-post","status-publish","format-standard","has-post-thumbnail","hentry","category-actualite","category-cowboy-ou-indien","category-groupedeja","category-sebastian-lazennec"],"_links":{"self":[{"href":"https:\/\/groupedeja.com\/index.php\/wp-json\/wp\/v2\/posts\/1632","targetHints":{"allow":["GET"]}}],"collection":[{"href":"https:\/\/groupedeja.com\/index.php\/wp-json\/wp\/v2\/posts"}],"about":[{"href":"https:\/\/groupedeja.com\/index.php\/wp-json\/wp\/v2\/types\/post"}],"author":[{"embeddable":true,"href":"https:\/\/groupedeja.com\/index.php\/wp-json\/wp\/v2\/users\/2"}],"replies":[{"embeddable":true,"href":"https:\/\/groupedeja.com\/index.php\/wp-json\/wp\/v2\/comments?post=1632"}],"version-history":[{"count":1,"href":"https:\/\/groupedeja.com\/index.php\/wp-json\/wp\/v2\/posts\/1632\/revisions"}],"predecessor-version":[{"id":1634,"href":"https:\/\/groupedeja.com\/index.php\/wp-json\/wp\/v2\/posts\/1632\/revisions\/1634"}],"wp:featuredmedia":[{"embeddable":true,"href":"https:\/\/groupedeja.com\/index.php\/wp-json\/wp\/v2\/media\/1633"}],"wp:attachment":[{"href":"https:\/\/groupedeja.com\/index.php\/wp-json\/wp\/v2\/media?parent=1632"}],"wp:term":[{"taxonomy":"category","embeddable":true,"href":"https:\/\/groupedeja.com\/index.php\/wp-json\/wp\/v2\/categories?post=1632"},{"taxonomy":"post_tag","embeddable":true,"href":"https:\/\/groupedeja.com\/index.php\/wp-json\/wp\/v2\/tags?post=1632"}],"curies":[{"name":"wp","href":"https:\/\/api.w.org\/{rel}","templated":true}]}}