{"id":1754,"date":"2022-11-30T15:37:13","date_gmt":"2022-11-30T14:37:13","guid":{"rendered":"https:\/\/groupedeja.com\/?p=1754"},"modified":"2022-11-30T15:37:13","modified_gmt":"2022-11-30T14:37:13","slug":"groupe-deja-en-tournee-en-decembre","status":"publish","type":"post","link":"https:\/\/groupedeja.com\/index.php\/2022\/11\/30\/groupe-deja-en-tournee-en-decembre\/","title":{"rendered":"Groupe D\u00e9j\u00e0 en tourn\u00e9e en D\u00e9cembre"},"content":{"rendered":"\n<h2 class=\"wp-block-heading\">Les dates du spectacle \u00ab\u00a0Cowboy ou indien ?\u00a0\u00bb<\/h2>\n\n\n\n<p>La tourn\u00e9e de <a href=\"https:\/\/groupedeja.com\/index.php\/cowboy-ou-indien-2\/\" data-type=\"URL\" data-id=\"https:\/\/groupedeja.com\/index.php\/cowboy-ou-indien-2\/\">\u00ab\u00a0Cowboy ou indien ?\u00a0\u00bb<\/a> en d\u00e9cembre ! <\/p>\n\n\n\n<ul class=\"wp-block-list\"><li>02\/12\/22 \/ Riom (63) \/ <a href=\"https:\/\/www.lesabattoirsriom.fr\/spectacle\/cow-boy-ou-indien-2022-12-02\/\" data-type=\"URL\" data-id=\"https:\/\/www.lesabattoirsriom.fr\/spectacle\/cow-boy-ou-indien-2022-12-02\/\">Les Abattoirs <\/a><\/li><li>03\/12\/22 \/ Villard de Lans (38) \/ Le Rex<\/li><li>06\/12\/22 \/ Foug\u00e8res (35) \/ Th\u00e9\u00e2tre Victor Hugo<\/li><li>08\/12\/22 \/ Evron (53) \/ <a href=\"https:\/\/www.coevrons.fr\/magazine\/cowboy-ou-indien\" data-type=\"URL\" data-id=\"https:\/\/www.coevrons.fr\/magazine\/cowboy-ou-indien\">P\u00f4le culturel de Co\u00ebvrons<\/a><\/li><li>09\/12\/22 \/ St Jean De Boiseau (44) \/ Salle Pierre Blanche<\/li><li>16\/12\/22 \/ Nantes (44) \/ Centre de d\u00e9tention (\u00e0 destination des d\u00e9tenus)<\/li><\/ul>\n\n\n\n<p>Photographie : <a href=\"https:\/\/pascalboudet.fr\/\" data-type=\"URL\" data-id=\"https:\/\/pascalboudet.fr\/\">Pascal Boudet<\/a><\/p>\n","protected":false},"excerpt":{"rendered":"<p>Les dates du spectacle \u00ab\u00a0Cowboy ou indien ?\u00a0\u00bb La tourn\u00e9e de \u00ab\u00a0Cowboy ou indien ?\u00a0\u00bb en d\u00e9cembre ! 02\/12\/22 \/ Riom (63) \/ Les Abattoirs 03\/12\/22 \/ Villard de Lans (38) \/ Le Rex 06\/12\/22 \/ Foug\u00e8res (35) \/ Th\u00e9\u00e2tre Victor Hugo 08\/12\/22 \/ Evron (53) \/ P\u00f4le culturel de Co\u00ebvrons 09\/12\/22 \/ St Jean&hellip;<\/p>\n","protected":false},"author":2,"featured_media":1755,"comment_status":"closed","ping_status":"","sticky":false,"template":"","format":"standard","meta":{"footnotes":""},"categories":[9,14,10,16],"tags":[],"class_list":["post-1754","post","type-post","status-publish","format-standard","has-post-thumbnail","hentry","category-actualite","category-cowboy-ou-indien","category-groupedeja","category-sebastian-lazennec"],"_links":{"self":[{"href":"https:\/\/groupedeja.com\/index.php\/wp-json\/wp\/v2\/posts\/1754","targetHints":{"allow":["GET"]}}],"collection":[{"href":"https:\/\/groupedeja.com\/index.php\/wp-json\/wp\/v2\/posts"}],"about":[{"href":"https:\/\/groupedeja.com\/index.php\/wp-json\/wp\/v2\/types\/post"}],"author":[{"embeddable":true,"href":"https:\/\/groupedeja.com\/index.php\/wp-json\/wp\/v2\/users\/2"}],"replies":[{"embeddable":true,"href":"https:\/\/groupedeja.com\/index.php\/wp-json\/wp\/v2\/comments?post=1754"}],"version-history":[{"count":1,"href":"https:\/\/groupedeja.com\/index.php\/wp-json\/wp\/v2\/posts\/1754\/revisions"}],"predecessor-version":[{"id":1756,"href":"https:\/\/groupedeja.com\/index.php\/wp-json\/wp\/v2\/posts\/1754\/revisions\/1756"}],"wp:featuredmedia":[{"embeddable":true,"href":"https:\/\/groupedeja.com\/index.php\/wp-json\/wp\/v2\/media\/1755"}],"wp:attachment":[{"href":"https:\/\/groupedeja.com\/index.php\/wp-json\/wp\/v2\/media?parent=1754"}],"wp:term":[{"taxonomy":"category","embeddable":true,"href":"https:\/\/groupedeja.com\/index.php\/wp-json\/wp\/v2\/categories?post=1754"},{"taxonomy":"post_tag","embeddable":true,"href":"https:\/\/groupedeja.com\/index.php\/wp-json\/wp\/v2\/tags?post=1754"}],"curies":[{"name":"wp","href":"https:\/\/api.w.org\/{rel}","templated":true}]}}