{"id":2384,"date":"2023-11-02T14:38:32","date_gmt":"2023-11-02T13:38:32","guid":{"rendered":"https:\/\/groupedeja.com\/?p=2384"},"modified":"2023-11-02T14:39:13","modified_gmt":"2023-11-02T13:39:13","slug":"cowboy-ou-indien-au-mans-72-le-8-decembre","status":"publish","type":"post","link":"https:\/\/groupedeja.com\/index.php\/2023\/11\/02\/cowboy-ou-indien-au-mans-72-le-8-decembre\/","title":{"rendered":"\u00ab\u00a0Cowboy ou indien ?\u00a0\u00bb au Mans (72) le 8 d\u00e9cembre"},"content":{"rendered":"\n<p>\u00a0<em><strong>\u00c0 l\u2019approche de ces f\u00eates de no\u00ebl 2023, rien de mieux qu\u2019un spectacle sur la famille \u00e0 voir en famille !<\/strong><\/em> <br>Dr\u00f4le et grin\u00e7ant, cynique et po\u00e9tique, <a href=\"https:\/\/groupedeja.com\/index.php\/cowboy-ou-indien-2\/\" data-type=\"URL\" data-id=\"https:\/\/groupedeja.com\/index.php\/cowboy-ou-indien-2\/\">\u201cCowboy ou indien ?\u201d<\/a> vous fait voyager durant 1h15 au travers de la vie de deux fr\u00e8res de leur naissance \u00e0 l\u2019\u00e2ge adulte.<br>Leurs liens ont \u00e9volu\u00e9s. Que s\u2019est-il pass\u00e9 ? Qu\u2019est-ce qui a chang\u00e9 ? Et vous, votre enfance a-t-elle tenu ses promesses ?<\/p>\n\n\n\n<p><\/p>\n\n\n\n<p><strong>Vendredi 8 d\u00e9cembre 2023 \u00e0 20h30 <\/strong><br>Salle des concerts, 58 Rue du Port, Le Mans (72)<\/p>\n\n\n\n<div style=\"height:25px\" aria-hidden=\"true\" class=\"wp-block-spacer\"><\/div>\n\n\n\n<h3 class=\"wp-block-heading\">\u00a0Billetterie<\/h3>\n\n\n\n<div style=\"height:19px\" aria-hidden=\"true\" class=\"wp-block-spacer\"><\/div>\n\n\n\n<div class=\"wp-block-buttons is-layout-flex wp-block-buttons-is-layout-flex\">\n<div class=\"wp-block-button\"><a class=\"wp-block-button__link wp-element-button\" href=\"https:\/\/billetterie.superforma.fr\/evenement\/08-12-2023-20-30-cowboy-ou-indien\">Je r\u00e9serve mes places<\/a><\/div>\n<\/div>\n\n\n\n<div style=\"height:19px\" aria-hidden=\"true\" class=\"wp-block-spacer\"><\/div>\n\n\n\n<p>Ou sur place \u00e0 la MJC Ronceray, L\u2019Excelsior,\u00a0Les Saulni\u00e8res, Le Silo, L&rsquo;Oasis, Jean Carmet.<\/p>\n\n\n\n<p class=\"has-small-font-size\">Photographie : Pascal Boudet<\/p>\n\n\n\n<p><\/p>\n\n\n\n<p><\/p>\n","protected":false},"excerpt":{"rendered":"<p>\u00a0\u00c0 l\u2019approche de ces f\u00eates de no\u00ebl 2023, rien de mieux qu\u2019un spectacle sur la famille \u00e0 voir en famille ! Dr\u00f4le et grin\u00e7ant, cynique et po\u00e9tique, \u201cCowboy ou indien ?\u201d vous fait voyager durant 1h15 au travers de la vie de deux fr\u00e8res de leur naissance \u00e0 l\u2019\u00e2ge adulte.Leurs liens ont \u00e9volu\u00e9s. Que s\u2019est-il&hellip;<\/p>\n","protected":false},"author":2,"featured_media":1755,"comment_status":"closed","ping_status":"closed","sticky":false,"template":"","format":"standard","meta":{"footnotes":""},"categories":[9,14,10,16],"tags":[],"class_list":["post-2384","post","type-post","status-publish","format-standard","has-post-thumbnail","hentry","category-actualite","category-cowboy-ou-indien","category-groupedeja","category-sebastian-lazennec"],"_links":{"self":[{"href":"https:\/\/groupedeja.com\/index.php\/wp-json\/wp\/v2\/posts\/2384","targetHints":{"allow":["GET"]}}],"collection":[{"href":"https:\/\/groupedeja.com\/index.php\/wp-json\/wp\/v2\/posts"}],"about":[{"href":"https:\/\/groupedeja.com\/index.php\/wp-json\/wp\/v2\/types\/post"}],"author":[{"embeddable":true,"href":"https:\/\/groupedeja.com\/index.php\/wp-json\/wp\/v2\/users\/2"}],"replies":[{"embeddable":true,"href":"https:\/\/groupedeja.com\/index.php\/wp-json\/wp\/v2\/comments?post=2384"}],"version-history":[{"count":4,"href":"https:\/\/groupedeja.com\/index.php\/wp-json\/wp\/v2\/posts\/2384\/revisions"}],"predecessor-version":[{"id":2389,"href":"https:\/\/groupedeja.com\/index.php\/wp-json\/wp\/v2\/posts\/2384\/revisions\/2389"}],"wp:featuredmedia":[{"embeddable":true,"href":"https:\/\/groupedeja.com\/index.php\/wp-json\/wp\/v2\/media\/1755"}],"wp:attachment":[{"href":"https:\/\/groupedeja.com\/index.php\/wp-json\/wp\/v2\/media?parent=2384"}],"wp:term":[{"taxonomy":"category","embeddable":true,"href":"https:\/\/groupedeja.com\/index.php\/wp-json\/wp\/v2\/categories?post=2384"},{"taxonomy":"post_tag","embeddable":true,"href":"https:\/\/groupedeja.com\/index.php\/wp-json\/wp\/v2\/tags?post=2384"}],"curies":[{"name":"wp","href":"https:\/\/api.w.org\/{rel}","templated":true}]}}