{"id":2540,"date":"2023-11-26T15:06:00","date_gmt":"2023-11-26T14:06:00","guid":{"rendered":"https:\/\/groupedeja.com\/?p=2540"},"modified":"2024-02-01T15:18:23","modified_gmt":"2024-02-01T14:18:23","slug":"interview-cowboy-ou-indien","status":"publish","type":"post","link":"https:\/\/groupedeja.com\/index.php\/2023\/11\/26\/interview-cowboy-ou-indien\/","title":{"rendered":"Interview : \u00ab\u00a0Cowboy ou indien ?\u00a0\u00bb"},"content":{"rendered":"\n<figure class=\"wp-block-embed is-type-video is-provider-youtube wp-block-embed-youtube wp-embed-aspect-16-9 wp-has-aspect-ratio\"><div class=\"wp-block-embed__wrapper\">\n<iframe loading=\"lazy\" title=\"Cultur&#039;elle - Cowboy ou Indien ? (16.11.2023 - Partie 4)\" width=\"500\" height=\"281\" src=\"https:\/\/www.youtube.com\/embed\/bYrdahP4DAI?feature=oembed\" frameborder=\"0\" allow=\"accelerometer; autoplay; clipboard-write; encrypted-media; gyroscope; picture-in-picture; web-share\" referrerpolicy=\"strict-origin-when-cross-origin\" allowfullscreen><\/iframe>\n<\/div><\/figure>\n\n\n\n<p>Interview d&rsquo;Antoine Meunier au sujet de \u00ab\u00a0<a href=\"https:\/\/groupedeja.com\/index.php\/cowboy-ou-indien-2\/\" data-type=\"URL\" data-id=\"https:\/\/groupedeja.com\/index.php\/cowboy-ou-indien-2\/\">Cowboy ou indien ?<\/a>\u00a0\u00bb fresque th\u00e9\u00e2trale, drolatique et cruelle au sujet de la fratrie, dans l&rsquo;\u00e9mission Cultur&rsquo;elle Le Mans sur LMtv Sarthe ! Merci Chlo\u00e9 Bergerat.<\/p>\n\n\n\n<p>COWBOY OU INDIEN ? \/ VEN 8 D\u00c8C 20H30 \/ Salle des concerts \/ Le Mans (72)<\/p>\n\n\n\n<div class=\"wp-block-buttons is-layout-flex wp-block-buttons-is-layout-flex\">\n<div class=\"wp-block-button\"><a class=\"wp-block-button__link wp-element-button\" href=\"https:\/\/billetterie.superforma.fr\/evenement\/08-12-2023-20-30-cowboy-ou-indien?fbclid=IwAR1av8onVxoDeRyu-0QIlUOZlSSpqm5Y3rblNCTyE51sWUc9F4bVfp4mHwM\">R\u00e9server sa place<\/a><\/div>\n<\/div>\n","protected":false},"excerpt":{"rendered":"<p>Interview d&rsquo;Antoine Meunier au sujet de \u00ab\u00a0Cowboy ou indien ?\u00a0\u00bb fresque th\u00e9\u00e2trale, drolatique et cruelle au sujet de la fratrie, dans l&rsquo;\u00e9mission Cultur&rsquo;elle Le Mans sur LMtv Sarthe ! Merci Chlo\u00e9 Bergerat. COWBOY OU INDIEN ? \/ VEN 8 D\u00c8C 20H30 \/ Salle des concerts \/ Le Mans (72)<\/p>\n","protected":false},"author":2,"featured_media":1755,"comment_status":"closed","ping_status":"closed","sticky":false,"template":"","format":"standard","meta":{"footnotes":""},"categories":[9,14,10],"tags":[],"class_list":["post-2540","post","type-post","status-publish","format-standard","has-post-thumbnail","hentry","category-actualite","category-cowboy-ou-indien","category-groupedeja"],"_links":{"self":[{"href":"https:\/\/groupedeja.com\/index.php\/wp-json\/wp\/v2\/posts\/2540","targetHints":{"allow":["GET"]}}],"collection":[{"href":"https:\/\/groupedeja.com\/index.php\/wp-json\/wp\/v2\/posts"}],"about":[{"href":"https:\/\/groupedeja.com\/index.php\/wp-json\/wp\/v2\/types\/post"}],"author":[{"embeddable":true,"href":"https:\/\/groupedeja.com\/index.php\/wp-json\/wp\/v2\/users\/2"}],"replies":[{"embeddable":true,"href":"https:\/\/groupedeja.com\/index.php\/wp-json\/wp\/v2\/comments?post=2540"}],"version-history":[{"count":1,"href":"https:\/\/groupedeja.com\/index.php\/wp-json\/wp\/v2\/posts\/2540\/revisions"}],"predecessor-version":[{"id":2541,"href":"https:\/\/groupedeja.com\/index.php\/wp-json\/wp\/v2\/posts\/2540\/revisions\/2541"}],"wp:featuredmedia":[{"embeddable":true,"href":"https:\/\/groupedeja.com\/index.php\/wp-json\/wp\/v2\/media\/1755"}],"wp:attachment":[{"href":"https:\/\/groupedeja.com\/index.php\/wp-json\/wp\/v2\/media?parent=2540"}],"wp:term":[{"taxonomy":"category","embeddable":true,"href":"https:\/\/groupedeja.com\/index.php\/wp-json\/wp\/v2\/categories?post=2540"},{"taxonomy":"post_tag","embeddable":true,"href":"https:\/\/groupedeja.com\/index.php\/wp-json\/wp\/v2\/tags?post=2540"}],"curies":[{"name":"wp","href":"https:\/\/api.w.org\/{rel}","templated":true}]}}