{"id":2575,"date":"2024-01-30T16:07:35","date_gmt":"2024-01-30T15:07:35","guid":{"rendered":"https:\/\/groupedeja.com\/?p=2575"},"modified":"2024-02-01T16:44:59","modified_gmt":"2024-02-01T15:44:59","slug":"tous-les-jours-au-college-yves-montand","status":"publish","type":"post","link":"https:\/\/groupedeja.com\/index.php\/2024\/01\/30\/tous-les-jours-au-college-yves-montand\/","title":{"rendered":"\u00ab\u00a0Tous les jours\u00a0\u00bb au coll\u00e8ge Yves Montand \/ Le Mans"},"content":{"rendered":"\n<p>Le proc\u00e8s du harc\u00e8lement scolaire du jour se tenait au Coll\u00e8ge Yves Montand &#8211; Val de Perche (61) !<\/p>\n\n\n\n<p><a rel=\"noreferrer noopener\" href=\"https:\/\/groupedeja.com\/index.php\/touslesjours\/\" data-type=\"URL\" data-id=\"https:\/\/groupedeja.com\/index.php\/touslesjours\/\" target=\"_blank\">\u00ab\u00a0Tous les jours\u00a0\u00bb <\/a>de Antoine Meunier et S\u00e9bastian Lazennec, avec Valentin Orain et Maxime Pichon.<\/p>\n\n\n\n<p><\/p>\n","protected":false},"excerpt":{"rendered":"<p>Le proc\u00e8s du harc\u00e8lement scolaire du jour se tenait au Coll\u00e8ge Yves Montand &#8211; Val de Perche (61) ! \u00ab\u00a0Tous les jours\u00a0\u00bb de Antoine Meunier et S\u00e9bastian Lazennec, avec Valentin Orain et Maxime Pichon.<\/p>\n","protected":false},"author":2,"featured_media":2576,"comment_status":"closed","ping_status":"closed","sticky":false,"template":"","format":"standard","meta":{"footnotes":""},"categories":[9,10,16,19],"tags":[],"class_list":["post-2575","post","type-post","status-publish","format-standard","has-post-thumbnail","hentry","category-actualite","category-groupedeja","category-sebastian-lazennec","category-tous-les-jours"],"_links":{"self":[{"href":"https:\/\/groupedeja.com\/index.php\/wp-json\/wp\/v2\/posts\/2575","targetHints":{"allow":["GET"]}}],"collection":[{"href":"https:\/\/groupedeja.com\/index.php\/wp-json\/wp\/v2\/posts"}],"about":[{"href":"https:\/\/groupedeja.com\/index.php\/wp-json\/wp\/v2\/types\/post"}],"author":[{"embeddable":true,"href":"https:\/\/groupedeja.com\/index.php\/wp-json\/wp\/v2\/users\/2"}],"replies":[{"embeddable":true,"href":"https:\/\/groupedeja.com\/index.php\/wp-json\/wp\/v2\/comments?post=2575"}],"version-history":[{"count":3,"href":"https:\/\/groupedeja.com\/index.php\/wp-json\/wp\/v2\/posts\/2575\/revisions"}],"predecessor-version":[{"id":2580,"href":"https:\/\/groupedeja.com\/index.php\/wp-json\/wp\/v2\/posts\/2575\/revisions\/2580"}],"wp:featuredmedia":[{"embeddable":true,"href":"https:\/\/groupedeja.com\/index.php\/wp-json\/wp\/v2\/media\/2576"}],"wp:attachment":[{"href":"https:\/\/groupedeja.com\/index.php\/wp-json\/wp\/v2\/media?parent=2575"}],"wp:term":[{"taxonomy":"category","embeddable":true,"href":"https:\/\/groupedeja.com\/index.php\/wp-json\/wp\/v2\/categories?post=2575"},{"taxonomy":"post_tag","embeddable":true,"href":"https:\/\/groupedeja.com\/index.php\/wp-json\/wp\/v2\/tags?post=2575"}],"curies":[{"name":"wp","href":"https:\/\/api.w.org\/{rel}","templated":true}]}}