{"id":2617,"date":"2024-02-01T12:36:02","date_gmt":"2024-02-01T11:36:02","guid":{"rendered":"https:\/\/groupedeja.com\/?p=2617"},"modified":"2024-03-28T13:11:50","modified_gmt":"2024-03-28T12:11:50","slug":"ce-qui-nous-noue","status":"publish","type":"post","link":"https:\/\/groupedeja.com\/index.php\/2024\/02\/01\/ce-qui-nous-noue\/","title":{"rendered":"R\u00e9sidence 5 : \u00ab\u00a0Ce qui nous noue\u00a0\u00bb"},"content":{"rendered":"\n<p>Les quatres com\u00e9dien\u00b7ne\u00b7s de<a href=\"https:\/\/groupedeja.com\/index.php\/ce-qui-nous-noue\/\" data-type=\"page\" data-id=\"1492\"> \u00ab\u00a0Ce qui nous noue<\/a>\u00a0\u00bb sont r\u00e9uni\u00b7e\u00b7s au plateau pour la premi\u00e8re fois !<\/p>\n\n\n\n<p>Hermine Rigot, Antoine Meunier, Lo\u00efs Husson e<a href=\"https:\/\/groupedeja.com\/index.php\/sebastian-lazennec\/\" data-type=\"URL\" data-id=\"https:\/\/groupedeja.com\/index.php\/sebastian-lazennec\/\">t S\u00e9bastian Lazennec<\/a> sont accueillis au<a href=\"https:\/\/www.evron.fr\/equipements\/pole-culturel-des-coevrons\/\" data-type=\"URL\" data-id=\"https:\/\/www.evron.fr\/equipements\/pole-culturel-des-coevrons\/\"> P\u00f4le culturel des Co\u00ebvrons<\/a> \u00e0 Evron (53) pour une semaine de r\u00e9sidence. \u00c9criture de plateau, pour la prochaine cr\u00e9ation de Groupe D\u00e9j\u00e0 !<\/p>\n\n\n\n<p>Les premi\u00e8res dates auront lieu \u00e0 l&rsquo;Espal (<a href=\"https:\/\/www.quinconces-espal.com\/\" data-type=\"URL\" data-id=\"https:\/\/www.quinconces-espal.com\/\">Les Quinconces et L&rsquo;Espal, Sc\u00e8ne nationale du Mans<\/a>) en novembre 2024.<\/p>\n\n\n\n<p class=\"has-text-align-center has-small-font-size\"><a href=\"http:\/\/www.groupedeja.com\/index.php\/ce-qui-nous-noue\/\" data-type=\"URL\" data-id=\"www.groupedeja.com\/index.php\/ce-qui-nous-noue\/\">Plus d&rsquo;infos sur le spectacle<\/a><\/p>\n","protected":false},"excerpt":{"rendered":"<p>Les quatres com\u00e9dien\u00b7ne\u00b7s de \u00ab\u00a0Ce qui nous noue\u00a0\u00bb sont r\u00e9uni\u00b7e\u00b7s au plateau pour la premi\u00e8re fois ! Hermine Rigot, Antoine Meunier, Lo\u00efs Husson et S\u00e9bastian Lazennec sont accueillis au P\u00f4le culturel des Co\u00ebvrons \u00e0 Evron (53) pour une semaine de r\u00e9sidence. \u00c9criture de plateau, pour la prochaine cr\u00e9ation de Groupe D\u00e9j\u00e0 ! Les premi\u00e8res dates&hellip;<\/p>\n","protected":false},"author":2,"featured_media":2620,"comment_status":"closed","ping_status":"closed","sticky":false,"template":"","format":"standard","meta":{"footnotes":""},"categories":[9,25,8,10,16],"tags":[],"class_list":["post-2617","post","type-post","status-publish","format-standard","has-post-thumbnail","hentry","category-actualite","category-ce-qui-nous-noue","category-creation","category-groupedeja","category-sebastian-lazennec"],"_links":{"self":[{"href":"https:\/\/groupedeja.com\/index.php\/wp-json\/wp\/v2\/posts\/2617","targetHints":{"allow":["GET"]}}],"collection":[{"href":"https:\/\/groupedeja.com\/index.php\/wp-json\/wp\/v2\/posts"}],"about":[{"href":"https:\/\/groupedeja.com\/index.php\/wp-json\/wp\/v2\/types\/post"}],"author":[{"embeddable":true,"href":"https:\/\/groupedeja.com\/index.php\/wp-json\/wp\/v2\/users\/2"}],"replies":[{"embeddable":true,"href":"https:\/\/groupedeja.com\/index.php\/wp-json\/wp\/v2\/comments?post=2617"}],"version-history":[{"count":2,"href":"https:\/\/groupedeja.com\/index.php\/wp-json\/wp\/v2\/posts\/2617\/revisions"}],"predecessor-version":[{"id":2622,"href":"https:\/\/groupedeja.com\/index.php\/wp-json\/wp\/v2\/posts\/2617\/revisions\/2622"}],"wp:featuredmedia":[{"embeddable":true,"href":"https:\/\/groupedeja.com\/index.php\/wp-json\/wp\/v2\/media\/2620"}],"wp:attachment":[{"href":"https:\/\/groupedeja.com\/index.php\/wp-json\/wp\/v2\/media?parent=2617"}],"wp:term":[{"taxonomy":"category","embeddable":true,"href":"https:\/\/groupedeja.com\/index.php\/wp-json\/wp\/v2\/categories?post=2617"},{"taxonomy":"post_tag","embeddable":true,"href":"https:\/\/groupedeja.com\/index.php\/wp-json\/wp\/v2\/tags?post=2617"}],"curies":[{"name":"wp","href":"https:\/\/api.w.org\/{rel}","templated":true}]}}