{"id":2700,"date":"2024-03-20T15:35:09","date_gmt":"2024-03-20T14:35:09","guid":{"rendered":"https:\/\/groupedeja.com\/?p=2700"},"modified":"2024-04-17T15:55:43","modified_gmt":"2024-04-17T13:55:43","slug":"tous-les-jours-hors-les-murs-tout-public-a-angers-49","status":"publish","type":"post","link":"https:\/\/groupedeja.com\/index.php\/2024\/03\/20\/tous-les-jours-hors-les-murs-tout-public-a-angers-49\/","title":{"rendered":"\u00ab\u00a0Tous les jours\u00a0\u00bb &#8211; hors les murs &#8211; tout public \u00e0 Angers (49)"},"content":{"rendered":"\n<p>Ce vendredi, viens voir <a href=\"https:\/\/groupedeja.com\/index.php\/touslesjours\/\" data-type=\"URL\" data-id=\"https:\/\/groupedeja.com\/index.php\/touslesjours\/\">notre proc\u00e8s du harc\u00e8lement scolaire<\/a> \u00e0 Angers ! Rare repr\u00e9sentation ouverte \u00e0 tous ! Sais-tu qu&rsquo;Antoine Meunier vient justement d&rsquo;Angers ?<\/p>\n\n\n\n<p>TOUS LES JOURS (version hors les murs) \/ Ven. 22 mars 18h30<\/p>\n\n\n\n<p>Ville d&rsquo;Angers (49) \/ Le Quart Ney Maison de Quartier \/ <em>Dans le cadre des Assises de la famille et de l&rsquo;\u00e9ducation<\/em><\/p>\n\n\n\n<p>Gratuit &#8211; <em>Pas de r\u00e9servervations !<\/em><\/p>\n\n\n\n<p>Groupe D\u00e9j\u00e0, th\u00e9\u00e2tre et tribunal<\/p>\n\n\n\n<p><\/p>\n","protected":false},"excerpt":{"rendered":"<p>Ce vendredi, viens voir notre proc\u00e8s du harc\u00e8lement scolaire \u00e0 Angers ! Rare repr\u00e9sentation ouverte \u00e0 tous ! Sais-tu qu&rsquo;Antoine Meunier vient justement d&rsquo;Angers ? TOUS LES JOURS (version hors les murs) \/ Ven. 22 mars 18h30 Ville d&rsquo;Angers (49) \/ Le Quart Ney Maison de Quartier \/ Dans le cadre des Assises de la&hellip;<\/p>\n","protected":false},"author":2,"featured_media":2701,"comment_status":"closed","ping_status":"closed","sticky":false,"template":"","format":"standard","meta":{"footnotes":""},"categories":[9,10,16,19],"tags":[],"class_list":["post-2700","post","type-post","status-publish","format-standard","has-post-thumbnail","hentry","category-actualite","category-groupedeja","category-sebastian-lazennec","category-tous-les-jours"],"_links":{"self":[{"href":"https:\/\/groupedeja.com\/index.php\/wp-json\/wp\/v2\/posts\/2700","targetHints":{"allow":["GET"]}}],"collection":[{"href":"https:\/\/groupedeja.com\/index.php\/wp-json\/wp\/v2\/posts"}],"about":[{"href":"https:\/\/groupedeja.com\/index.php\/wp-json\/wp\/v2\/types\/post"}],"author":[{"embeddable":true,"href":"https:\/\/groupedeja.com\/index.php\/wp-json\/wp\/v2\/users\/2"}],"replies":[{"embeddable":true,"href":"https:\/\/groupedeja.com\/index.php\/wp-json\/wp\/v2\/comments?post=2700"}],"version-history":[{"count":1,"href":"https:\/\/groupedeja.com\/index.php\/wp-json\/wp\/v2\/posts\/2700\/revisions"}],"predecessor-version":[{"id":2702,"href":"https:\/\/groupedeja.com\/index.php\/wp-json\/wp\/v2\/posts\/2700\/revisions\/2702"}],"wp:featuredmedia":[{"embeddable":true,"href":"https:\/\/groupedeja.com\/index.php\/wp-json\/wp\/v2\/media\/2701"}],"wp:attachment":[{"href":"https:\/\/groupedeja.com\/index.php\/wp-json\/wp\/v2\/media?parent=2700"}],"wp:term":[{"taxonomy":"category","embeddable":true,"href":"https:\/\/groupedeja.com\/index.php\/wp-json\/wp\/v2\/categories?post=2700"},{"taxonomy":"post_tag","embeddable":true,"href":"https:\/\/groupedeja.com\/index.php\/wp-json\/wp\/v2\/tags?post=2700"}],"curies":[{"name":"wp","href":"https:\/\/api.w.org\/{rel}","templated":true}]}}