{"id":2717,"date":"2024-03-29T16:18:23","date_gmt":"2024-03-29T15:18:23","guid":{"rendered":"https:\/\/groupedeja.com\/?p=2717"},"modified":"2024-05-15T16:20:52","modified_gmt":"2024-05-15T14:20:52","slug":"un-sous-titre-pour-ce-qui-nous-noue","status":"publish","type":"post","link":"https:\/\/groupedeja.com\/index.php\/2024\/03\/29\/un-sous-titre-pour-ce-qui-nous-noue\/","title":{"rendered":"Un sous-titre pour \u00ab\u00a0Ce qui nous noue\u00a0\u00bb ?"},"content":{"rendered":"\n<p>On a trouv\u00e9 un sous titre pour notre prochaine cr\u00e9ation \u00ab\u00a0\ud835\uddd6\ud835\uddf2 \ud835\uddfe\ud835\ude02\ud835\uddf6 \ud835\uddfb\ud835\uddfc\ud835\ude02\ud835\ude00 \ud835\uddfb\ud835\uddfc\ud835\ude02\ud835\uddf2\u00a0\u00bb : \ud835\udde0\ud835\uddf6\ud835\ude00\ud835\uddf2 \ud835\uddee\u0300 \ud835\uddfb\ud835\ude02 \ud835\uddf7\ud835\uddfc\ud835\ude06\ud835\uddf2\ud835\ude02\ud835\ude00\ud835\uddf2 \ud835\uddf2\ud835\ude01 \ud835\uddf0\ud835\uddf6\ud835\uddfb\ud835\uddf4\ud835\uddf9\ud835\uddee\ud835\uddfb\ud835\ude01\ud835\uddf2 \ud835\uddf1\ud835\ude02 \ud835\uddf0\ud835\uddfc\ud835\ude02\ud835\uddfd\ud835\uddf9\ud835\uddf2 \ud835\ude00\ud835\ude02\ud835\uddff \ud835\uddf9\ud835\uddf2 \ud835\uddf1\ud835\uddf6\ud835\ude03\ud835\uddee\ud835\uddfb \ud835\ude01\ud835\uddf5\ud835\uddf2\u0301\ud835\uddee\u0302\ud835\ude01\ud835\uddff\ud835\uddee\ud835\uddf9 ! \u00c7a vous donne envie ?<\/p>\n\n\n\n<p>Fin d&rsquo;une semaine de r\u00e9sidence \u00e0 Le Pr\u00e9ambule Lign\u00e9 (44) ! On poursuit la cr\u00e9a en avril \u00e0 Bellevigne en Layon (49) \/ Villages en Sc\u00e8ne <\/p>\n\n\n\n<p>Groupe D\u00e9j\u00e0, en cr\u00e9ation<\/p>\n","protected":false},"excerpt":{"rendered":"<p>On a trouv\u00e9 un sous titre pour notre prochaine cr\u00e9ation \u00ab\u00a0\ud835\uddd6\ud835\uddf2 \ud835\uddfe\ud835\ude02\ud835\uddf6 \ud835\uddfb\ud835\uddfc\ud835\ude02\ud835\ude00 \ud835\uddfb\ud835\uddfc\ud835\ude02\ud835\uddf2\u00a0\u00bb : \ud835\udde0\ud835\uddf6\ud835\ude00\ud835\uddf2 \ud835\uddee\u0300 \ud835\uddfb\ud835\ude02 \ud835\uddf7\ud835\uddfc\ud835\ude06\ud835\uddf2\ud835\ude02\ud835\ude00\ud835\uddf2 \ud835\uddf2\ud835\ude01 \ud835\uddf0\ud835\uddf6\ud835\uddfb\ud835\uddf4\ud835\uddf9\ud835\uddee\ud835\uddfb\ud835\ude01\ud835\uddf2 \ud835\uddf1\ud835\ude02 \ud835\uddf0\ud835\uddfc\ud835\ude02\ud835\uddfd\ud835\uddf9\ud835\uddf2 \ud835\ude00\ud835\ude02\ud835\uddff \ud835\uddf9\ud835\uddf2 \ud835\uddf1\ud835\uddf6\ud835\ude03\ud835\uddee\ud835\uddfb \ud835\ude01\ud835\uddf5\ud835\uddf2\u0301\ud835\uddee\u0302\ud835\ude01\ud835\uddff\ud835\uddee\ud835\uddf9 ! \u00c7a vous donne envie ? Fin d&rsquo;une semaine de r\u00e9sidence \u00e0 Le Pr\u00e9ambule Lign\u00e9 (44) ! On poursuit la cr\u00e9a en avril \u00e0 Bellevigne en Layon (49)&hellip;<\/p>\n","protected":false},"author":2,"featured_media":2718,"comment_status":"closed","ping_status":"closed","sticky":false,"template":"","format":"standard","meta":{"footnotes":""},"categories":[9,25],"tags":[],"class_list":["post-2717","post","type-post","status-publish","format-standard","has-post-thumbnail","hentry","category-actualite","category-ce-qui-nous-noue"],"_links":{"self":[{"href":"https:\/\/groupedeja.com\/index.php\/wp-json\/wp\/v2\/posts\/2717","targetHints":{"allow":["GET"]}}],"collection":[{"href":"https:\/\/groupedeja.com\/index.php\/wp-json\/wp\/v2\/posts"}],"about":[{"href":"https:\/\/groupedeja.com\/index.php\/wp-json\/wp\/v2\/types\/post"}],"author":[{"embeddable":true,"href":"https:\/\/groupedeja.com\/index.php\/wp-json\/wp\/v2\/users\/2"}],"replies":[{"embeddable":true,"href":"https:\/\/groupedeja.com\/index.php\/wp-json\/wp\/v2\/comments?post=2717"}],"version-history":[{"count":1,"href":"https:\/\/groupedeja.com\/index.php\/wp-json\/wp\/v2\/posts\/2717\/revisions"}],"predecessor-version":[{"id":2719,"href":"https:\/\/groupedeja.com\/index.php\/wp-json\/wp\/v2\/posts\/2717\/revisions\/2719"}],"wp:featuredmedia":[{"embeddable":true,"href":"https:\/\/groupedeja.com\/index.php\/wp-json\/wp\/v2\/media\/2718"}],"wp:attachment":[{"href":"https:\/\/groupedeja.com\/index.php\/wp-json\/wp\/v2\/media?parent=2717"}],"wp:term":[{"taxonomy":"category","embeddable":true,"href":"https:\/\/groupedeja.com\/index.php\/wp-json\/wp\/v2\/categories?post=2717"},{"taxonomy":"post_tag","embeddable":true,"href":"https:\/\/groupedeja.com\/index.php\/wp-json\/wp\/v2\/tags?post=2717"}],"curies":[{"name":"wp","href":"https:\/\/api.w.org\/{rel}","templated":true}]}}