{"id":2725,"date":"2024-04-08T16:26:17","date_gmt":"2024-04-08T14:26:17","guid":{"rendered":"https:\/\/groupedeja.com\/?p=2725"},"modified":"2024-05-15T16:34:23","modified_gmt":"2024-05-15T14:34:23","slug":"un-duo-inedit-pour-tous-les-jours","status":"publish","type":"post","link":"https:\/\/groupedeja.com\/index.php\/2024\/04\/08\/un-duo-inedit-pour-tous-les-jours\/","title":{"rendered":"Un duo in\u00e9dit pour \u00ab\u00a0Tous les jours\u00a0\u00bb"},"content":{"rendered":"\n<p>Un duo in\u00e9dit cette semaine pour \u00ab\u00a0Tous les jours\u00a0\u00bb en Gironde !<\/p>\n\n\n\n<p>7 repr\u00e9sentations du proc\u00e8s du harc\u00e8lement scolaire pour pas loin de 500 \u00e9l\u00e8ves touch\u00e9s !<\/p>\n\n\n\n<p>-Aujourd&rsquo;hui \/ Blanquefort (33) \/ Lyc\u00e9e pro L\u00e9onard de Vinci<\/p>\n\n\n\n<p>&#8211; 09\/04\/24 \/ Bordeaux (33) \/ Coll\u00e8ge Mons\u00e9jour<\/p>\n\n\n\n<p>&#8211; <a><\/a>10\/04\/24 \/ Saint M\u00e9dard en Jalles (33) \/ Lyc\u00e9e J\u00e9han Duperier<\/p>\n\n\n\n<p>&#8211; 11\/04\/24 \/ Bordeaux (33) \/ Lyc\u00e9e Saint Augustin<\/p>\n\n\n\n<p>Exceptionnellement, c&rsquo;est Maxime Pichon qui joue aux c\u00f4t\u00e9s de S\u00e9bastian Lazennec dans cette s\u00e9rie de proc\u00e8s.<\/p>\n","protected":false},"excerpt":{"rendered":"<p>Un duo in\u00e9dit cette semaine pour \u00ab\u00a0Tous les jours\u00a0\u00bb en Gironde ! 7 repr\u00e9sentations du proc\u00e8s du harc\u00e8lement scolaire pour pas loin de 500 \u00e9l\u00e8ves touch\u00e9s ! -Aujourd&rsquo;hui \/ Blanquefort (33) \/ Lyc\u00e9e pro L\u00e9onard de Vinci &#8211; 09\/04\/24 \/ Bordeaux (33) \/ Coll\u00e8ge Mons\u00e9jour &#8211; 10\/04\/24 \/ Saint M\u00e9dard en Jalles (33) \/ Lyc\u00e9e&hellip;<\/p>\n","protected":false},"author":2,"featured_media":2726,"comment_status":"closed","ping_status":"closed","sticky":false,"template":"","format":"standard","meta":{"footnotes":""},"categories":[9,16,19],"tags":[],"class_list":["post-2725","post","type-post","status-publish","format-standard","has-post-thumbnail","hentry","category-actualite","category-sebastian-lazennec","category-tous-les-jours"],"_links":{"self":[{"href":"https:\/\/groupedeja.com\/index.php\/wp-json\/wp\/v2\/posts\/2725","targetHints":{"allow":["GET"]}}],"collection":[{"href":"https:\/\/groupedeja.com\/index.php\/wp-json\/wp\/v2\/posts"}],"about":[{"href":"https:\/\/groupedeja.com\/index.php\/wp-json\/wp\/v2\/types\/post"}],"author":[{"embeddable":true,"href":"https:\/\/groupedeja.com\/index.php\/wp-json\/wp\/v2\/users\/2"}],"replies":[{"embeddable":true,"href":"https:\/\/groupedeja.com\/index.php\/wp-json\/wp\/v2\/comments?post=2725"}],"version-history":[{"count":1,"href":"https:\/\/groupedeja.com\/index.php\/wp-json\/wp\/v2\/posts\/2725\/revisions"}],"predecessor-version":[{"id":2727,"href":"https:\/\/groupedeja.com\/index.php\/wp-json\/wp\/v2\/posts\/2725\/revisions\/2727"}],"wp:featuredmedia":[{"embeddable":true,"href":"https:\/\/groupedeja.com\/index.php\/wp-json\/wp\/v2\/media\/2726"}],"wp:attachment":[{"href":"https:\/\/groupedeja.com\/index.php\/wp-json\/wp\/v2\/media?parent=2725"}],"wp:term":[{"taxonomy":"category","embeddable":true,"href":"https:\/\/groupedeja.com\/index.php\/wp-json\/wp\/v2\/categories?post=2725"},{"taxonomy":"post_tag","embeddable":true,"href":"https:\/\/groupedeja.com\/index.php\/wp-json\/wp\/v2\/tags?post=2725"}],"curies":[{"name":"wp","href":"https:\/\/api.w.org\/{rel}","templated":true}]}}