{"id":2770,"date":"2024-08-29T17:13:06","date_gmt":"2024-08-29T15:13:06","guid":{"rendered":"https:\/\/groupedeja.com\/?p=2770"},"modified":"2024-08-29T17:13:50","modified_gmt":"2024-08-29T15:13:50","slug":"tous-les-jours-a-arnage-72","status":"publish","type":"post","link":"https:\/\/groupedeja.com\/index.php\/2024\/08\/29\/tous-les-jours-a-arnage-72\/","title":{"rendered":"\u00ab\u00a0Tous les jours\u00a0\u00bb \u00e0 Arnage (72)"},"content":{"rendered":"\n<p class=\"has-text-align-center has-large-font-size\">VEN. 18 OCT. 20H30<br>TOUS LES JOURS<\/p>\n\n\n\n<p class=\"has-text-align-center has-medium-font-size\">Proc\u00e8s du harc\u00e8lement scolaire pour 2 com\u00e9diens et 19 sweats \u00e0 capuche<\/p>\n\n\n\n<p class=\"has-text-align-center has-medium-font-size\">Espace culturel Eolienne \/ Arnage (72)<\/p>\n\n\n\n<div class=\"wp-block-buttons is-layout-flex wp-block-buttons-is-layout-flex\">\n<div class=\"wp-block-button aligncenter\"><a class=\"wp-block-button__link wp-element-button\" href=\"https:\/\/billetterie.superforma.fr\/agenda\/1195-tous-les-jours\"><strong>R\u00e9server ma place<\/strong><\/a><\/div>\n<\/div>\n\n\n\n<div style=\"height:62px\" aria-hidden=\"true\" class=\"wp-block-spacer\"><\/div>\n\n\n\n<p>Et si nous pouvions juger\u00a0<strong>le harc\u00e8lement scolaire<\/strong>\u00a0dans un tribunal ? Imaginons un\u00a0<strong>proc\u00e8s<\/strong>, historique, o\u00f9 le harc\u00e8lement scolaire, en personne, compara\u00eet devant ses victimes : les enfants, adolescents et adultes de diff\u00e9rents\u00a0<strong>\u00e9tablissements scolaires<\/strong>. Cet \u201cindividu\u201d dangereux aux multiples facettes m\u00e9rite un jugement spectaculaire. 2 com\u00e9diens, 19 personnages et autant de sweats \u00e0 capuche ne seront pas de trop pour mener \u00e0 bien cet incroyable proc\u00e8s.<\/p>\n\n\n\n<p><em>Unique repr\u00e9sentation tout public en Sarthe ! <\/em><\/p>\n","protected":false},"excerpt":{"rendered":"<p>VEN. 18 OCT. 20H30TOUS LES JOURS Proc\u00e8s du harc\u00e8lement scolaire pour 2 com\u00e9diens et 19 sweats \u00e0 capuche Espace culturel Eolienne \/ Arnage (72) Et si nous pouvions juger\u00a0le harc\u00e8lement scolaire\u00a0dans un tribunal ? Imaginons un\u00a0proc\u00e8s, historique, o\u00f9 le harc\u00e8lement scolaire, en personne, compara\u00eet devant ses victimes : les enfants, adolescents et adultes de diff\u00e9rents\u00a0\u00e9tablissements&hellip;<\/p>\n","protected":false},"author":2,"featured_media":2163,"comment_status":"closed","ping_status":"closed","sticky":false,"template":"","format":"standard","meta":{"footnotes":""},"categories":[9,10,16,19],"tags":[],"class_list":["post-2770","post","type-post","status-publish","format-standard","has-post-thumbnail","hentry","category-actualite","category-groupedeja","category-sebastian-lazennec","category-tous-les-jours"],"_links":{"self":[{"href":"https:\/\/groupedeja.com\/index.php\/wp-json\/wp\/v2\/posts\/2770","targetHints":{"allow":["GET"]}}],"collection":[{"href":"https:\/\/groupedeja.com\/index.php\/wp-json\/wp\/v2\/posts"}],"about":[{"href":"https:\/\/groupedeja.com\/index.php\/wp-json\/wp\/v2\/types\/post"}],"author":[{"embeddable":true,"href":"https:\/\/groupedeja.com\/index.php\/wp-json\/wp\/v2\/users\/2"}],"replies":[{"embeddable":true,"href":"https:\/\/groupedeja.com\/index.php\/wp-json\/wp\/v2\/comments?post=2770"}],"version-history":[{"count":2,"href":"https:\/\/groupedeja.com\/index.php\/wp-json\/wp\/v2\/posts\/2770\/revisions"}],"predecessor-version":[{"id":2772,"href":"https:\/\/groupedeja.com\/index.php\/wp-json\/wp\/v2\/posts\/2770\/revisions\/2772"}],"wp:featuredmedia":[{"embeddable":true,"href":"https:\/\/groupedeja.com\/index.php\/wp-json\/wp\/v2\/media\/2163"}],"wp:attachment":[{"href":"https:\/\/groupedeja.com\/index.php\/wp-json\/wp\/v2\/media?parent=2770"}],"wp:term":[{"taxonomy":"category","embeddable":true,"href":"https:\/\/groupedeja.com\/index.php\/wp-json\/wp\/v2\/categories?post=2770"},{"taxonomy":"post_tag","embeddable":true,"href":"https:\/\/groupedeja.com\/index.php\/wp-json\/wp\/v2\/tags?post=2770"}],"curies":[{"name":"wp","href":"https:\/\/api.w.org\/{rel}","templated":true}]}}