{"id":3049,"date":"2025-09-01T15:20:12","date_gmt":"2025-09-01T13:20:12","guid":{"rendered":"https:\/\/groupedeja.com\/?p=3049"},"modified":"2025-09-10T15:24:50","modified_gmt":"2025-09-10T13:24:50","slug":"grand-maximum-en-tournee-en-sarthe","status":"publish","type":"post","link":"https:\/\/groupedeja.com\/index.php\/2025\/09\/01\/grand-maximum-en-tournee-en-sarthe\/","title":{"rendered":"Grand maximum en tourn\u00e9e en Sarthe"},"content":{"rendered":"\n<p>C&rsquo;est la rentr\u00e9e chez Groupe D\u00e9j\u00e0 ! On d\u00e9marre avec une petite tourn\u00e9e en Sarthe avec les com\u00e9dien\u2022nes non-professionnel\u2022les de <a href=\"https:\/\/www.grand-maximum.com\/presentation\/\" data-type=\"link\" data-id=\"https:\/\/www.grand-maximum.com\/presentation\/\">Grand maximum<\/a>. L&rsquo;occasion de voir \u00ab\u00a0<a href=\"https:\/\/www.grand-maximum.com\/ces-gens-qui-vivent-trop-pres-de-moi\/\" data-type=\"link\" data-id=\"https:\/\/www.grand-maximum.com\/ces-gens-qui-vivent-trop-pres-de-moi\/\">Ces gens qui vivent trop pr\u00e8s de moi<\/a>\u00ab\u00a0, pr\u00e8s de chez vous !<\/p>\n\n\n\n<p><strong>12\/09\/25<\/strong>&nbsp;\/ Arnage (72) \/&nbsp;<a href=\"https:\/\/eolienne.arnage.fr\/index.php?page=events\" target=\"_blank\" rel=\"noreferrer noopener\">Ouverture de saison &#8211; Espace culturel \u00c9olienne<\/a><\/p>\n\n\n\n<p><strong>02\/10\/25<\/strong>&nbsp;\/&nbsp;<a href=\"https:\/\/www.lachapellesaintaubin.fr\/vie-associative\/la-saison-culturelle\/\" target=\"_blank\" rel=\"noreferrer noopener\">La Chapelle Saint Aubin (72) \/ L&rsquo;Or\u00e9e du Bois<\/a><\/p>\n\n\n\n<p><strong>16\/10\/25<\/strong>&nbsp;\/&nbsp;<a href=\"https:\/\/www.ville-yvreleveque.fr\/les-services\/culture\/\" target=\"_blank\" rel=\"noreferrer noopener\">Yvr\u00e9 l&rsquo;Ev\u00eaque (72) \/ Salle Georges Brassens<\/a><\/p>\n\n\n\n<p><strong>14\/11\/25&nbsp;<\/strong>\/&nbsp;<a href=\"https:\/\/www.labazoge.fr\/sortir-bouger\/lenvol-programmation-culturelle\/\" target=\"_blank\" rel=\"noreferrer noopener\">La Bazoge (72) \/ L&rsquo;Envol<\/a><\/p>\n\n\n\n<p><strong>13\/12\/25<\/strong>&nbsp;\/<a href=\"https:\/\/www.connerre.fr\/se-divertir\/la-passerelle\/\" target=\"_blank\" rel=\"noreferrer noopener\">&nbsp;Connerr\u00e9 (72) \/ La Passerelle<\/a><\/p>\n\n\n\n<p><img loading=\"lazy\" decoding=\"async\" height=\"16\" width=\"16\" alt=\"\ud83d\udc8c\" src=\"https:\/\/static.xx.fbcdn.net\/images\/emoji.php\/v9\/t96\/2\/16\/1f48c.png\"> R\u00e9servations et billetterie directement aupr\u00e8s de chaque lieu.<\/p>\n\n\n\n<p>Introspection th\u00e9\u00e2trale r\u00e9jouissante et f\u00e9roce sur nos relations de voisinage<br>\u00c9criture et mise en sc\u00e8ne de <a href=\"https:\/\/groupedeja.com\/index.php\/sebastian-lazennec\/\" data-type=\"link\" data-id=\"https:\/\/groupedeja.com\/index.php\/sebastian-lazennec\/\">S\u00e9bastian Lazennec<\/a><br>Avec 17 com\u00e9dien\u00b7nes non-professionnel\u00b7les de Grand maximum<\/p>\n\n\n\n<p class=\"has-small-font-size\">Photographie : Pascal Boudet<\/p>\n\n\n\n<p>Le collectif Grand maximum est port\u00e9 par Groupe D\u00e9j\u00e0.<\/p>\n","protected":false},"excerpt":{"rendered":"<p>C&rsquo;est la rentr\u00e9e chez Groupe D\u00e9j\u00e0 ! On d\u00e9marre avec une petite tourn\u00e9e en Sarthe avec les com\u00e9dien\u2022nes non-professionnel\u2022les de Grand maximum. L&rsquo;occasion de voir \u00ab\u00a0Ces gens qui vivent trop pr\u00e8s de moi\u00ab\u00a0, pr\u00e8s de chez vous ! 12\/09\/25&nbsp;\/ Arnage (72) \/&nbsp;Ouverture de saison &#8211; Espace culturel \u00c9olienne 02\/10\/25&nbsp;\/&nbsp;La Chapelle Saint Aubin (72) \/ L&rsquo;Or\u00e9e&hellip;<\/p>\n","protected":false},"author":2,"featured_media":3050,"comment_status":"closed","ping_status":"closed","sticky":false,"template":"","format":"standard","meta":{"footnotes":""},"categories":[9,11,10,16],"tags":[],"class_list":["post-3049","post","type-post","status-publish","format-standard","has-post-thumbnail","hentry","category-actualite","category-grandmaximum","category-groupedeja","category-sebastian-lazennec"],"_links":{"self":[{"href":"https:\/\/groupedeja.com\/index.php\/wp-json\/wp\/v2\/posts\/3049","targetHints":{"allow":["GET"]}}],"collection":[{"href":"https:\/\/groupedeja.com\/index.php\/wp-json\/wp\/v2\/posts"}],"about":[{"href":"https:\/\/groupedeja.com\/index.php\/wp-json\/wp\/v2\/types\/post"}],"author":[{"embeddable":true,"href":"https:\/\/groupedeja.com\/index.php\/wp-json\/wp\/v2\/users\/2"}],"replies":[{"embeddable":true,"href":"https:\/\/groupedeja.com\/index.php\/wp-json\/wp\/v2\/comments?post=3049"}],"version-history":[{"count":1,"href":"https:\/\/groupedeja.com\/index.php\/wp-json\/wp\/v2\/posts\/3049\/revisions"}],"predecessor-version":[{"id":3051,"href":"https:\/\/groupedeja.com\/index.php\/wp-json\/wp\/v2\/posts\/3049\/revisions\/3051"}],"wp:featuredmedia":[{"embeddable":true,"href":"https:\/\/groupedeja.com\/index.php\/wp-json\/wp\/v2\/media\/3050"}],"wp:attachment":[{"href":"https:\/\/groupedeja.com\/index.php\/wp-json\/wp\/v2\/media?parent=3049"}],"wp:term":[{"taxonomy":"category","embeddable":true,"href":"https:\/\/groupedeja.com\/index.php\/wp-json\/wp\/v2\/categories?post=3049"},{"taxonomy":"post_tag","embeddable":true,"href":"https:\/\/groupedeja.com\/index.php\/wp-json\/wp\/v2\/tags?post=3049"}],"curies":[{"name":"wp","href":"https:\/\/api.w.org\/{rel}","templated":true}]}}