{"id":586,"date":"2019-06-21T23:23:57","date_gmt":"2019-06-21T21:23:57","guid":{"rendered":"https:\/\/groupedeja.com\/?p=586"},"modified":"2019-06-21T23:25:49","modified_gmt":"2019-06-21T21:25:49","slug":"586","status":"publish","type":"post","link":"https:\/\/groupedeja.com\/index.php\/2019\/06\/21\/586\/","title":{"rendered":"AMI(S) en tourn\u00e9e en juin et juillet 2019"},"content":{"rendered":"<p>Les prochaines dates pour Groupe D\u00e9j\u00e0 ce sera avec <strong>\u00ab\u00a0AMI(S)\u00a0\u00bb<\/strong><br \/>\n28 juin \/ 22h30 \/ <strong>Festival Viva Cit\u00e9<\/strong> \/ Sotteville-l\u00e8s-Rouen (76)<br \/>\n29 juin \/ 11h45 et 14h \/ <strong>Festival Viva Cit\u00e9<\/strong> \/ Sotteville (76)<br \/>\n30 juin \/ 12h et 15h \/ <strong>Festival Les Sarabandes<\/strong> \/ St G\u00e9nis d&rsquo;Hiersac (16)<br \/>\n2 juillet \/ 20h30 \/ <strong>Festival Les Zaccros d&rsquo;ma rue<\/strong> \/ Germigny sur Loire (58)<span class=\"text_exposed_show\"><br \/>\nEnsuite c&rsquo;est <strong>Festival d&rsquo;Avignon<\/strong> \u00e0 partir du 7 juillet \u00e0 <strong>Lascierie<\/strong>.<br \/>\nEt les 5 et 6 juillet on jouera <strong>\u00ab\u00a0Cowboy ou indien ?\u00a0\u00bb<\/strong> \u00e0 23h aux <strong>Zaccros d&rsquo;ma rue<\/strong> \u00e0 Nevers (58)<\/span><\/p>\n<div class=\"text_exposed_show\">\n<p>cr\u00e9dit photo : Damien Ledebt<\/p>\n<\/div>\n","protected":false},"excerpt":{"rendered":"<p>Les prochaines dates pour Groupe D\u00e9j\u00e0 ce sera avec \u00ab\u00a0AMI(S)\u00a0\u00bb 28 juin \/ 22h30 \/ Festival Viva Cit\u00e9 \/ Sotteville-l\u00e8s-Rouen (76) 29 juin \/ 11h45 et 14h \/ Festival Viva Cit\u00e9 \/ Sotteville (76) 30 juin \/ 12h et 15h \/ Festival Les Sarabandes \/ St G\u00e9nis d&rsquo;Hiersac (16) 2 juillet \/ 20h30 \/ Festival&hellip;<\/p>\n","protected":false},"author":2,"featured_media":587,"comment_status":"open","ping_status":"open","sticky":false,"template":"","format":"standard","meta":{"footnotes":""},"categories":[9,12,6],"tags":[],"class_list":["post-586","post","type-post","status-publish","format-standard","has-post-thumbnail","hentry","category-actualite","category-amis","category-festival"],"_links":{"self":[{"href":"https:\/\/groupedeja.com\/index.php\/wp-json\/wp\/v2\/posts\/586","targetHints":{"allow":["GET"]}}],"collection":[{"href":"https:\/\/groupedeja.com\/index.php\/wp-json\/wp\/v2\/posts"}],"about":[{"href":"https:\/\/groupedeja.com\/index.php\/wp-json\/wp\/v2\/types\/post"}],"author":[{"embeddable":true,"href":"https:\/\/groupedeja.com\/index.php\/wp-json\/wp\/v2\/users\/2"}],"replies":[{"embeddable":true,"href":"https:\/\/groupedeja.com\/index.php\/wp-json\/wp\/v2\/comments?post=586"}],"version-history":[{"count":3,"href":"https:\/\/groupedeja.com\/index.php\/wp-json\/wp\/v2\/posts\/586\/revisions"}],"predecessor-version":[{"id":590,"href":"https:\/\/groupedeja.com\/index.php\/wp-json\/wp\/v2\/posts\/586\/revisions\/590"}],"wp:featuredmedia":[{"embeddable":true,"href":"https:\/\/groupedeja.com\/index.php\/wp-json\/wp\/v2\/media\/587"}],"wp:attachment":[{"href":"https:\/\/groupedeja.com\/index.php\/wp-json\/wp\/v2\/media?parent=586"}],"wp:term":[{"taxonomy":"category","embeddable":true,"href":"https:\/\/groupedeja.com\/index.php\/wp-json\/wp\/v2\/categories?post=586"},{"taxonomy":"post_tag","embeddable":true,"href":"https:\/\/groupedeja.com\/index.php\/wp-json\/wp\/v2\/tags?post=586"}],"curies":[{"name":"wp","href":"https:\/\/api.w.org\/{rel}","templated":true}]}}