{"id":832,"date":"2019-07-30T22:13:45","date_gmt":"2019-07-30T20:13:45","guid":{"rendered":"https:\/\/groupedeja.com\/?p=832"},"modified":"2019-11-26T14:18:59","modified_gmt":"2019-11-26T13:18:59","slug":"vacances","status":"publish","type":"post","link":"https:\/\/groupedeja.com\/index.php\/2019\/07\/30\/vacances\/","title":{"rendered":"Vacances !"},"content":{"rendered":"<p>Vacances pour Groupe D\u00e9j\u00e0 ! Repos !<br \/>\nApr\u00e8s nos 30 repr\u00e9sentations entre le 28 juin et le 28 juillet (\u00ab\u00a0AMI(S)\u00a0\u00bb, \u00ab\u00a0Mon grand oncle\u00a0\u00bb et \u00ab\u00a0Cowboy ou indien ?\u00a0\u00bb), sans compter les nombreuses dates et p\u00e9riodes de r\u00e9sidences de cr\u00e9ation depuis la rentr\u00e9e 2018, la pause est bienvenue !<br \/>\nAvignon s&rsquo;est plut\u00f4t bien pass\u00e9 pour une premi\u00e8re fois. Des programmateurs dans la salle quasiment tous les soirs.<br \/>\nNous reviendrons !<br \/>\nOn se retrouve fin ao\u00fbt pour la reprise.<span class=\"text_exposed_show\"><br \/>\n&#8211; 29 ao\u00fbt \/ \u00ab\u00a0Cowboy ou indien ?\u00a0\u00bb \/ Le Mans (72) \/ Soirs d&rsquo;\u00e9t\u00e9 \/ version ext\u00e9rieur \/ 21h \u00e0 L&rsquo;oiseli\u00e8re<br \/>\n&#8211; 30 ao\u00fbt \/ \u00ab\u00a0Cowboy ou indien ?\u00a0\u00bb \/ Le Mans (72) \/ Soirs d&rsquo;\u00e9t\u00e9 \/ version ext\u00e9rieur \/ 22h \u00e0 L&rsquo;\u00eele aux planches<br \/>\n&#8211; 31 ao\u00fbt \/ \u00ab\u00a0Cowboy ou indien ?\u00a0\u00bb \/ Connerr\u00e9 (72) \/ Les Troubles Ville \/ La Passerelle \/ version ext\u00e9rieur \/ 16h<br \/>\n&#8211; 7 et 8 septembre \/ \u00ab\u00a0AMI(S) \/ Angers (49) \/ Les Accroche-Coeurs \/ version ext\u00e9rieur \/ 2 s\u00e9ances par jour<br \/>\n&#8211; 15 septembre \/ \u00ab\u00a0Cowboy ou indien ?\u00a0\u00bb \/ Le Relecq-Kerhuon (29) Le Fourneau &#8211; Centre National des Arts de la Rue et de l&rsquo;Espace Public \/ \u00ab\u00a0Le Pique-Nique sur le pont\u00a0\u00bb \/ version ext\u00e9rieur \/ 2 s\u00e9ances<\/span><\/p>\n","protected":false},"excerpt":{"rendered":"<p>Vacances pour Groupe D\u00e9j\u00e0 ! Repos ! Apr\u00e8s nos 30 repr\u00e9sentations entre le 28 juin et le 28 juillet (\u00ab\u00a0AMI(S)\u00a0\u00bb, \u00ab\u00a0Mon grand oncle\u00a0\u00bb et \u00ab\u00a0Cowboy ou indien ?\u00a0\u00bb), sans compter les nombreuses dates et p\u00e9riodes de r\u00e9sidences de cr\u00e9ation depuis la rentr\u00e9e 2018, la pause est bienvenue ! Avignon s&rsquo;est plut\u00f4t bien pass\u00e9 pour une&hellip;<\/p>\n","protected":false},"author":3,"featured_media":833,"comment_status":"open","ping_status":"open","sticky":false,"template":"","format":"standard","meta":{"footnotes":""},"categories":[9,12,14,8,6,10],"tags":[],"class_list":["post-832","post","type-post","status-publish","format-standard","has-post-thumbnail","hentry","category-actualite","category-amis","category-cowboy-ou-indien","category-creation","category-festival","category-groupedeja"],"_links":{"self":[{"href":"https:\/\/groupedeja.com\/index.php\/wp-json\/wp\/v2\/posts\/832","targetHints":{"allow":["GET"]}}],"collection":[{"href":"https:\/\/groupedeja.com\/index.php\/wp-json\/wp\/v2\/posts"}],"about":[{"href":"https:\/\/groupedeja.com\/index.php\/wp-json\/wp\/v2\/types\/post"}],"author":[{"embeddable":true,"href":"https:\/\/groupedeja.com\/index.php\/wp-json\/wp\/v2\/users\/3"}],"replies":[{"embeddable":true,"href":"https:\/\/groupedeja.com\/index.php\/wp-json\/wp\/v2\/comments?post=832"}],"version-history":[{"count":1,"href":"https:\/\/groupedeja.com\/index.php\/wp-json\/wp\/v2\/posts\/832\/revisions"}],"predecessor-version":[{"id":834,"href":"https:\/\/groupedeja.com\/index.php\/wp-json\/wp\/v2\/posts\/832\/revisions\/834"}],"wp:featuredmedia":[{"embeddable":true,"href":"https:\/\/groupedeja.com\/index.php\/wp-json\/wp\/v2\/media\/833"}],"wp:attachment":[{"href":"https:\/\/groupedeja.com\/index.php\/wp-json\/wp\/v2\/media?parent=832"}],"wp:term":[{"taxonomy":"category","embeddable":true,"href":"https:\/\/groupedeja.com\/index.php\/wp-json\/wp\/v2\/categories?post=832"},{"taxonomy":"post_tag","embeddable":true,"href":"https:\/\/groupedeja.com\/index.php\/wp-json\/wp\/v2\/tags?post=832"}],"curies":[{"name":"wp","href":"https:\/\/api.w.org\/{rel}","templated":true}]}}