{"id":974,"date":"2020-11-08T12:33:02","date_gmt":"2020-11-08T11:33:02","guid":{"rendered":"https:\/\/groupedeja.com\/?p=974"},"modified":"2020-12-10T15:39:57","modified_gmt":"2020-12-10T14:39:57","slug":"annulations-tout-novembre-reprise-au-15-decembre","status":"publish","type":"post","link":"https:\/\/groupedeja.com\/index.php\/2020\/11\/08\/annulations-tout-novembre-reprise-au-15-decembre\/","title":{"rendered":"Annulations ! Tout novembre ! Reprise au 15 d\u00e9cembre &#8230;. ?"},"content":{"rendered":"\n<p>Hier soir, devions jouer \u00ab\u00a0Cowboy ou indien ?\u00a0\u00bb \u00e0 l&rsquo;Espace du Narais \u00e0 St Mars la Bri\u00e8re (72), Samedi prochain, le 14 novembre, se devait \u00eatre dans le cadre de la Saison Culturelle \u00e0 La Chapelle St Aubin (72). Ces dates \u00e9taient des reports d&rsquo;annulations du printemps dernier&#8230;Vendredi 20 novembre, la s\u00e9ance de \u00ab\u00a0AMI(S)\u00a0\u00bb n&rsquo;aura pas lieu non plus \u00e0 Saison culturelle Pays de Craon \u00e0 Courbeveille (53) ni les repr\u00e9sentations de \u00ab\u00a0Mon grand oncle\u00a0\u00bb au Festival Arts d\u2019Hiver \u00e0 Moz\u00e9-Sur-Louet (49) le 21 novembre. Pour le 27 novembre nous pr\u00e9parions une cr\u00e9ation sp\u00e9cifique et sur mesure pour La Nuit Europ\u00e9enne des Chercheur.e.s au Mans (72) au th\u00e9\u00e2tre Les Quinconces avec Antoine Meunier, S\u00e9bastian Lazennec, Stanislas Hilairet et B\u00e9reng\u00e8re D\u00e9meautis. C&rsquo;est aussi annul\u00e9. Les r\u00e9p\u00e9titions avec les com\u00e9dien.ne.s non professionnel.le.s du Collectif Grand maximum sont \u00e0 nouveau \u00e0 l&rsquo;arr\u00eat.Et sinon, comment \u00e7a va vous ?<br>C\u00e2lins !<br>cr\u00e9dit photo : Pascal Boudet<\/p>\n","protected":false},"excerpt":{"rendered":"<p>Hier soir, devions jouer \u00ab\u00a0Cowboy ou indien ?\u00a0\u00bb \u00e0 l&rsquo;Espace du Narais \u00e0 St Mars la Bri\u00e8re (72), Samedi prochain, le 14 novembre, se devait \u00eatre dans le cadre de la Saison Culturelle \u00e0 La Chapelle St Aubin (72). Ces dates \u00e9taient des reports d&rsquo;annulations du printemps dernier&#8230;Vendredi 20 novembre, la s\u00e9ance de \u00ab\u00a0AMI(S)\u00a0\u00bb n&rsquo;aura&hellip;<\/p>\n","protected":false},"author":3,"featured_media":975,"comment_status":"open","ping_status":"open","sticky":false,"template":"","format":"standard","meta":{"footnotes":""},"categories":[9,12,14,13,17],"tags":[],"class_list":["post-974","post","type-post","status-publish","format-standard","has-post-thumbnail","hentry","category-actualite","category-amis","category-cowboy-ou-indien","category-mongrandoncle","category-sur-mesure"],"_links":{"self":[{"href":"https:\/\/groupedeja.com\/index.php\/wp-json\/wp\/v2\/posts\/974","targetHints":{"allow":["GET"]}}],"collection":[{"href":"https:\/\/groupedeja.com\/index.php\/wp-json\/wp\/v2\/posts"}],"about":[{"href":"https:\/\/groupedeja.com\/index.php\/wp-json\/wp\/v2\/types\/post"}],"author":[{"embeddable":true,"href":"https:\/\/groupedeja.com\/index.php\/wp-json\/wp\/v2\/users\/3"}],"replies":[{"embeddable":true,"href":"https:\/\/groupedeja.com\/index.php\/wp-json\/wp\/v2\/comments?post=974"}],"version-history":[{"count":1,"href":"https:\/\/groupedeja.com\/index.php\/wp-json\/wp\/v2\/posts\/974\/revisions"}],"predecessor-version":[{"id":976,"href":"https:\/\/groupedeja.com\/index.php\/wp-json\/wp\/v2\/posts\/974\/revisions\/976"}],"wp:featuredmedia":[{"embeddable":true,"href":"https:\/\/groupedeja.com\/index.php\/wp-json\/wp\/v2\/media\/975"}],"wp:attachment":[{"href":"https:\/\/groupedeja.com\/index.php\/wp-json\/wp\/v2\/media?parent=974"}],"wp:term":[{"taxonomy":"category","embeddable":true,"href":"https:\/\/groupedeja.com\/index.php\/wp-json\/wp\/v2\/categories?post=974"},{"taxonomy":"post_tag","embeddable":true,"href":"https:\/\/groupedeja.com\/index.php\/wp-json\/wp\/v2\/tags?post=974"}],"curies":[{"name":"wp","href":"https:\/\/api.w.org\/{rel}","templated":true}]}}